{"id":10535,"date":"2026-01-21T13:08:19","date_gmt":"2026-01-21T16:08:19","guid":{"rendered":"https:\/\/portalraizesnoticias.com.br\/?p=10535"},"modified":"2026-01-21T13:08:19","modified_gmt":"2026-01-21T16:08:19","slug":"homem-com-supostos-transtornos-mentais-invade-casas-e-mercadinho-e-provoca-panico-em-moradores-em-conceicao-do-coite","status":"publish","type":"post","link":"https:\/\/portalraizesnoticias.com.br\/?p=10535","title":{"rendered":"Homem com supostos transtornos mentais invade casas e mercadinho e provoca p\u00e2nico em moradores em Concei\u00e7\u00e3o do Coit\u00e9"},"content":{"rendered":"<p>Moradores do bairro Cer\u00e2mica, no sentido da estrada da Pinda, em Concei\u00e7\u00e3o do Coit\u00e9, ficaram assustados por volta das 12h desta quarta-feira (21), ap\u00f3s um homem com supostos transtornos mentais invadir pelo menos quatro resid\u00eancias e um mercadinho da localidade.<\/p>\n<p><img fetchpriority=\"high\" decoding=\"async\" class=\"size-medium wp-image-1970 aligncenter\" src=\"https:\/\/portalraizesnoticias.com.br\/wp-content\/uploads\/2024\/11\/Banner-home-center-300x300.jpg\" alt=\"\" width=\"300\" height=\"300\" srcset=\"https:\/\/portalraizesnoticias.com.br\/wp-content\/uploads\/2024\/11\/Banner-home-center-300x300.jpg 300w, https:\/\/portalraizesnoticias.com.br\/wp-content\/uploads\/2024\/11\/Banner-home-center-1024x1024.jpg 1024w, https:\/\/portalraizesnoticias.com.br\/wp-content\/uploads\/2024\/11\/Banner-home-center-150x150.jpg 150w, https:\/\/portalraizesnoticias.com.br\/wp-content\/uploads\/2024\/11\/Banner-home-center-768x768.jpg 768w, https:\/\/portalraizesnoticias.com.br\/wp-content\/uploads\/2024\/11\/Banner-home-center-700x700.jpg 700w, https:\/\/portalraizesnoticias.com.br\/wp-content\/uploads\/2024\/11\/Banner-home-center-620x620.jpg 620w, https:\/\/portalraizesnoticias.com.br\/wp-content\/uploads\/2024\/11\/Banner-home-center-400x400.jpg 400w, https:\/\/portalraizesnoticias.com.br\/wp-content\/uploads\/2024\/11\/Banner-home-center.jpg 1080w\" sizes=\"(max-width: 300px) 100vw, 300px\" \/><\/p>\n<p style=\"text-align: center;\"><strong>PUBLICIDADE<\/strong><\/p>\n<p>Segundo uma testemunha que preferiu n\u00e3o se identificar, o rapaz falava frases desconexas e, em seguida, tentou abrir a grade do estabelecimento comercial.<\/p>\n<p><img decoding=\"async\" class=\"size-medium wp-image-10529 aligncenter\" src=\"https:\/\/portalraizesnoticias.com.br\/wp-content\/uploads\/2026\/01\/IMG-20260119-WA0250-300x167.jpg\" alt=\"\" width=\"300\" height=\"167\" srcset=\"https:\/\/portalraizesnoticias.com.br\/wp-content\/uploads\/2026\/01\/IMG-20260119-WA0250-300x167.jpg 300w, https:\/\/portalraizesnoticias.com.br\/wp-content\/uploads\/2026\/01\/IMG-20260119-WA0250-1024x569.jpg 1024w, https:\/\/portalraizesnoticias.com.br\/wp-content\/uploads\/2026\/01\/IMG-20260119-WA0250-768x427.jpg 768w, https:\/\/portalraizesnoticias.com.br\/wp-content\/uploads\/2026\/01\/IMG-20260119-WA0250.jpg 1080w\" sizes=\"(max-width: 300px) 100vw, 300px\" \/><\/p>\n<p style=\"text-align: center;\"><strong>PUBLICIDADE<\/strong><\/p>\n<p>\u201cGra\u00e7as a Deus eu tinha fechado o cadeado quando percebi a movimenta\u00e7\u00e3o, mas fiquei muito assustada\u201d, relatou.<\/p>\n<p>Ainda de acordo com moradores, o homem, que aparentava ter cerca de 26 anos, chegou a entrar em algumas resid\u00eancias, mas foi contido por outros homens da comunidade, que o retiraram dos im\u00f3veis.<\/p>\n<hr \/>\n<p><img decoding=\"async\" class=\"size-medium wp-image-7771 aligncenter\" src=\"https:\/\/portalraizesnoticias.com.br\/wp-content\/uploads\/2025\/08\/IMG-20250814-WA05541-300x289.jpg\" alt=\"\" width=\"300\" height=\"289\" srcset=\"https:\/\/portalraizesnoticias.com.br\/wp-content\/uploads\/2025\/08\/IMG-20250814-WA05541-300x289.jpg 300w, https:\/\/portalraizesnoticias.com.br\/wp-content\/uploads\/2025\/08\/IMG-20250814-WA05541-1024x988.jpg 1024w, https:\/\/portalraizesnoticias.com.br\/wp-content\/uploads\/2025\/08\/IMG-20250814-WA05541-768x741.jpg 768w, https:\/\/portalraizesnoticias.com.br\/wp-content\/uploads\/2025\/08\/IMG-20250814-WA05541.jpg 1180w\" sizes=\"(max-width: 300px) 100vw, 300px\" \/><\/p>\n<p style=\"text-align: center;\"><strong>PUBLICIDADE<\/strong><\/p>\n<p>Diante da desordem e do medo, populares acionaram a Pol\u00edcia Militar, que se deslocou imediatamente ao local e identificou o suspeito, j\u00e1 conhecido pela guarni\u00e7\u00e3o.<\/p>\n<p><img loading=\"lazy\" decoding=\"async\" class=\"size-medium wp-image-9058 aligncenter\" src=\"https:\/\/portalraizesnoticias.com.br\/wp-content\/uploads\/2025\/10\/M.I-laranja-branco_page-0001-1536x1075-1-300x210.jpg\" alt=\"\" width=\"300\" height=\"210\" srcset=\"https:\/\/portalraizesnoticias.com.br\/wp-content\/uploads\/2025\/10\/M.I-laranja-branco_page-0001-1536x1075-1-300x210.jpg 300w, https:\/\/portalraizesnoticias.com.br\/wp-content\/uploads\/2025\/10\/M.I-laranja-branco_page-0001-1536x1075-1-1024x717.jpg 1024w, https:\/\/portalraizesnoticias.com.br\/wp-content\/uploads\/2025\/10\/M.I-laranja-branco_page-0001-1536x1075-1-768x538.jpg 768w, https:\/\/portalraizesnoticias.com.br\/wp-content\/uploads\/2025\/10\/M.I-laranja-branco_page-0001-1536x1075-1.jpg 1536w\" sizes=\"(max-width: 300px) 100vw, 300px\" \/><\/p>\n<p style=\"text-align: center;\"><strong>PUBLICIDADE<\/strong><\/p>\n<p>Os policiais acompanharam o homem e o retiraram da via p\u00fablica, orientando para que, posteriormente, a fam\u00edlia tome as provid\u00eancias necess\u00e1rias junto aos \u00f3rg\u00e3os competentes.<\/p>\n<p>Reda\u00e7\u00e3o<\/p>\n<p>Foto: Ilustra\u00e7\u00e3o<\/p>\n","protected":false},"excerpt":{"rendered":"<p>Moradores do bairro Cer\u00e2mica, no sentido da estrada da Pinda, em Concei\u00e7\u00e3o do Coit\u00e9, ficaram assustados por volta das 12h desta quarta-feira (21), ap\u00f3s um homem com supostos transtornos mentais invadir pelo menos quatro resid\u00eancias e um mercadinho da localidade. PUBLICIDADE Segundo uma testemunha que preferiu n\u00e3o se identificar, o rapaz falava frases desconexas e, em seguida, tentou abrir a grade do estabelecimento comercial. PUBLICIDADE \u201cGra\u00e7as a Deus eu tinha fechado o cadeado quando percebi a movimenta\u00e7\u00e3o, mas fiquei muito assustada\u201d, relatou. Ainda de acordo com moradores, o homem, que aparentava ter cerca de 26 anos, chegou a entrar em algumas resid\u00eancias, mas foi contido por outros homens da comunidade, que o retiraram dos im\u00f3veis. PUBLICIDADE Diante da desordem e do medo, populares acionaram a Pol\u00edcia Militar, que se deslocou imediatamente ao local e identificou o suspeito, j\u00e1 conhecido pela guarni\u00e7\u00e3o. PUBLICIDADE Os policiais acompanharam o homem e o retiraram da via p\u00fablica, orientando para que, posteriormente, a fam\u00edlia tome as provid\u00eancias necess\u00e1rias junto aos \u00f3rg\u00e3os competentes. Reda\u00e7\u00e3o Foto: Ilustra\u00e7\u00e3o<\/p>\n","protected":false},"author":3,"featured_media":10537,"comment_status":"open","ping_status":"open","sticky":false,"template":"","format":"standard","meta":{"_joinchat":[],"footnotes":""},"categories":[55,67,59],"tags":[],"class_list":["post-10535","post","type-post","status-publish","format-standard","has-post-thumbnail","hentry","category-destaques","category-policia","category-ultimas-noticias"],"yoast_head":"<!-- This site is optimized with the Yoast SEO plugin v24.4 - https:\/\/yoast.com\/wordpress\/plugins\/seo\/ -->\n<title>Homem com supostos transtornos mentais invade casas e mercadinho e provoca p\u00e2nico em moradores em Concei\u00e7\u00e3o do Coit\u00e9 - Portal raizes noticias<\/title>\n<meta name=\"robots\" content=\"index, follow, max-snippet:-1, max-image-preview:large, max-video-preview:-1\" \/>\n<link rel=\"canonical\" href=\"https:\/\/portalraizesnoticias.com.br\/?p=10535\" \/>\n<meta property=\"og:locale\" content=\"pt_BR\" \/>\n<meta property=\"og:type\" content=\"article\" \/>\n<meta property=\"og:title\" content=\"Homem com supostos transtornos mentais invade casas e mercadinho e provoca p\u00e2nico em moradores em Concei\u00e7\u00e3o do Coit\u00e9 - Portal raizes noticias\" \/>\n<meta property=\"og:description\" content=\"Moradores do bairro Cer\u00e2mica, no sentido da estrada da Pinda, em Concei\u00e7\u00e3o do Coit\u00e9, ficaram assustados por volta das 12h desta quarta-feira (21), ap\u00f3s um homem com supostos transtornos mentais invadir pelo menos quatro resid\u00eancias e um mercadinho da localidade. PUBLICIDADE Segundo uma testemunha que preferiu n\u00e3o se identificar, o rapaz falava frases desconexas e, em seguida, tentou abrir a grade do estabelecimento comercial. PUBLICIDADE \u201cGra\u00e7as a Deus eu tinha fechado o cadeado quando percebi a movimenta\u00e7\u00e3o, mas fiquei muito assustada\u201d, relatou. Ainda de acordo com moradores, o homem, que aparentava ter cerca de 26 anos, chegou a entrar em algumas resid\u00eancias, mas foi contido por outros homens da comunidade, que o retiraram dos im\u00f3veis. PUBLICIDADE Diante da desordem e do medo, populares acionaram a Pol\u00edcia Militar, que se deslocou imediatamente ao local e identificou o suspeito, j\u00e1 conhecido pela guarni\u00e7\u00e3o. PUBLICIDADE Os policiais acompanharam o homem e o retiraram da via p\u00fablica, orientando para que, posteriormente, a fam\u00edlia tome as provid\u00eancias necess\u00e1rias junto aos \u00f3rg\u00e3os competentes. Reda\u00e7\u00e3o Foto: Ilustra\u00e7\u00e3o\" \/>\n<meta property=\"og:url\" content=\"https:\/\/portalraizesnoticias.com.br\/?p=10535\" \/>\n<meta property=\"og:site_name\" content=\"Portal raizes noticias\" \/>\n<meta property=\"article:published_time\" content=\"2026-01-21T16:08:19+00:00\" \/>\n<meta property=\"og:image\" content=\"https:\/\/portalraizesnoticias.com.br\/wp-content\/uploads\/2026\/01\/IMG-20260121-WA0395.jpg\" \/>\n\t<meta property=\"og:image:width\" content=\"777\" \/>\n\t<meta property=\"og:image:height\" content=\"617\" \/>\n\t<meta property=\"og:image:type\" content=\"image\/jpeg\" \/>\n<meta name=\"author\" content=\"Portal Raizes\" \/>\n<meta name=\"twitter:card\" content=\"summary_large_image\" \/>\n<meta name=\"twitter:label1\" content=\"Escrito por\" \/>\n\t<meta name=\"twitter:data1\" content=\"Portal Raizes\" \/>\n\t<meta name=\"twitter:label2\" content=\"Est. tempo de leitura\" \/>\n\t<meta name=\"twitter:data2\" content=\"2 minutos\" \/>\n<script type=\"application\/ld+json\" class=\"yoast-schema-graph\">{\"@context\":\"https:\/\/schema.org\",\"@graph\":[{\"@type\":\"Article\",\"@id\":\"https:\/\/portalraizesnoticias.com.br\/?p=10535#article\",\"isPartOf\":{\"@id\":\"https:\/\/portalraizesnoticias.com.br\/?p=10535\"},\"author\":{\"name\":\"Portal Raizes\",\"@id\":\"https:\/\/portalraizesnoticias.com.br\/#\/schema\/person\/a3ca6b0fc701e78df19756c417d943ae\"},\"headline\":\"Homem com supostos transtornos mentais invade casas e mercadinho e provoca p\u00e2nico em moradores em Concei\u00e7\u00e3o do Coit\u00e9\",\"datePublished\":\"2026-01-21T16:08:19+00:00\",\"mainEntityOfPage\":{\"@id\":\"https:\/\/portalraizesnoticias.com.br\/?p=10535\"},\"wordCount\":206,\"commentCount\":0,\"publisher\":{\"@id\":\"https:\/\/portalraizesnoticias.com.br\/#organization\"},\"image\":{\"@id\":\"https:\/\/portalraizesnoticias.com.br\/?p=10535#primaryimage\"},\"thumbnailUrl\":\"https:\/\/portalraizesnoticias.com.br\/wp-content\/uploads\/2026\/01\/IMG-20260121-WA0395.jpg\",\"articleSection\":[\"DESTAQUES\",\"POLICIA\",\"ULTIMAS NOTICIAS\"],\"inLanguage\":\"pt-BR\",\"potentialAction\":[{\"@type\":\"CommentAction\",\"name\":\"Comment\",\"target\":[\"https:\/\/portalraizesnoticias.com.br\/?p=10535#respond\"]}]},{\"@type\":\"WebPage\",\"@id\":\"https:\/\/portalraizesnoticias.com.br\/?p=10535\",\"url\":\"https:\/\/portalraizesnoticias.com.br\/?p=10535\",\"name\":\"Homem com supostos transtornos mentais invade casas e mercadinho e provoca p\u00e2nico em moradores em Concei\u00e7\u00e3o do Coit\u00e9 - Portal raizes noticias\",\"isPartOf\":{\"@id\":\"https:\/\/portalraizesnoticias.com.br\/#website\"},\"primaryImageOfPage\":{\"@id\":\"https:\/\/portalraizesnoticias.com.br\/?p=10535#primaryimage\"},\"image\":{\"@id\":\"https:\/\/portalraizesnoticias.com.br\/?p=10535#primaryimage\"},\"thumbnailUrl\":\"https:\/\/portalraizesnoticias.com.br\/wp-content\/uploads\/2026\/01\/IMG-20260121-WA0395.jpg\",\"datePublished\":\"2026-01-21T16:08:19+00:00\",\"breadcrumb\":{\"@id\":\"https:\/\/portalraizesnoticias.com.br\/?p=10535#breadcrumb\"},\"inLanguage\":\"pt-BR\",\"potentialAction\":[{\"@type\":\"ReadAction\",\"target\":[\"https:\/\/portalraizesnoticias.com.br\/?p=10535\"]}]},{\"@type\":\"ImageObject\",\"inLanguage\":\"pt-BR\",\"@id\":\"https:\/\/portalraizesnoticias.com.br\/?p=10535#primaryimage\",\"url\":\"https:\/\/portalraizesnoticias.com.br\/wp-content\/uploads\/2026\/01\/IMG-20260121-WA0395.jpg\",\"contentUrl\":\"https:\/\/portalraizesnoticias.com.br\/wp-content\/uploads\/2026\/01\/IMG-20260121-WA0395.jpg\",\"width\":777,\"height\":617},{\"@type\":\"BreadcrumbList\",\"@id\":\"https:\/\/portalraizesnoticias.com.br\/?p=10535#breadcrumb\",\"itemListElement\":[{\"@type\":\"ListItem\",\"position\":1,\"name\":\"In\u00edcio\",\"item\":\"https:\/\/portalraizesnoticias.com.br\/\"},{\"@type\":\"ListItem\",\"position\":2,\"name\":\"Homem com supostos transtornos mentais invade casas e mercadinho e provoca p\u00e2nico em moradores em Concei\u00e7\u00e3o do Coit\u00e9\"}]},{\"@type\":\"WebSite\",\"@id\":\"https:\/\/portalraizesnoticias.com.br\/#website\",\"url\":\"https:\/\/portalraizesnoticias.com.br\/\",\"name\":\"Portal raizes NOTICIAS\",\"description\":\"site de noticias de concei\u00e7\u00e3o do coit\u00e9 e regi\u00e3o\",\"publisher\":{\"@id\":\"https:\/\/portalraizesnoticias.com.br\/#organization\"},\"alternateName\":\"PORTAL RAIZES COIT\u00c9\",\"potentialAction\":[{\"@type\":\"SearchAction\",\"target\":{\"@type\":\"EntryPoint\",\"urlTemplate\":\"https:\/\/portalraizesnoticias.com.br\/?s={search_term_string}\"},\"query-input\":{\"@type\":\"PropertyValueSpecification\",\"valueRequired\":true,\"valueName\":\"search_term_string\"}}],\"inLanguage\":\"pt-BR\"},{\"@type\":\"Organization\",\"@id\":\"https:\/\/portalraizesnoticias.com.br\/#organization\",\"name\":\"Portal raizes NOTICIAS\",\"url\":\"https:\/\/portalraizesnoticias.com.br\/\",\"logo\":{\"@type\":\"ImageObject\",\"inLanguage\":\"pt-BR\",\"@id\":\"https:\/\/portalraizesnoticias.com.br\/#\/schema\/logo\/image\/\",\"url\":\"https:\/\/portalraizesnoticias.com.br\/wp-content\/uploads\/2024\/09\/cropped-Captura-de-tela-2024-09-08-011108.png\",\"contentUrl\":\"https:\/\/portalraizesnoticias.com.br\/wp-content\/uploads\/2024\/09\/cropped-Captura-de-tela-2024-09-08-011108.png\",\"width\":606,\"height\":173,\"caption\":\"Portal raizes NOTICIAS\"},\"image\":{\"@id\":\"https:\/\/portalraizesnoticias.com.br\/#\/schema\/logo\/image\/\"}},{\"@type\":\"Person\",\"@id\":\"https:\/\/portalraizesnoticias.com.br\/#\/schema\/person\/a3ca6b0fc701e78df19756c417d943ae\",\"name\":\"Portal Raizes\",\"image\":{\"@type\":\"ImageObject\",\"inLanguage\":\"pt-BR\",\"@id\":\"https:\/\/portalraizesnoticias.com.br\/#\/schema\/person\/image\/\",\"url\":\"https:\/\/secure.gravatar.com\/avatar\/ef450d29013a3d3fba867a12a249d7b1?s=96&d=mm&r=g\",\"contentUrl\":\"https:\/\/secure.gravatar.com\/avatar\/ef450d29013a3d3fba867a12a249d7b1?s=96&d=mm&r=g\",\"caption\":\"Portal Raizes\"},\"url\":\"https:\/\/portalraizesnoticias.com.br\/?author=3\"}]}<\/script>\n<!-- \/ Yoast SEO plugin. -->","yoast_head_json":{"title":"Homem com supostos transtornos mentais invade casas e mercadinho e provoca p\u00e2nico em moradores em Concei\u00e7\u00e3o do Coit\u00e9 - Portal raizes noticias","robots":{"index":"index","follow":"follow","max-snippet":"max-snippet:-1","max-image-preview":"max-image-preview:large","max-video-preview":"max-video-preview:-1"},"canonical":"https:\/\/portalraizesnoticias.com.br\/?p=10535","og_locale":"pt_BR","og_type":"article","og_title":"Homem com supostos transtornos mentais invade casas e mercadinho e provoca p\u00e2nico em moradores em Concei\u00e7\u00e3o do Coit\u00e9 - Portal raizes noticias","og_description":"Moradores do bairro Cer\u00e2mica, no sentido da estrada da Pinda, em Concei\u00e7\u00e3o do Coit\u00e9, ficaram assustados por volta das 12h desta quarta-feira (21), ap\u00f3s um homem com supostos transtornos mentais invadir pelo menos quatro resid\u00eancias e um mercadinho da localidade. PUBLICIDADE Segundo uma testemunha que preferiu n\u00e3o se identificar, o rapaz falava frases desconexas e, em seguida, tentou abrir a grade do estabelecimento comercial. PUBLICIDADE \u201cGra\u00e7as a Deus eu tinha fechado o cadeado quando percebi a movimenta\u00e7\u00e3o, mas fiquei muito assustada\u201d, relatou. Ainda de acordo com moradores, o homem, que aparentava ter cerca de 26 anos, chegou a entrar em algumas resid\u00eancias, mas foi contido por outros homens da comunidade, que o retiraram dos im\u00f3veis. PUBLICIDADE Diante da desordem e do medo, populares acionaram a Pol\u00edcia Militar, que se deslocou imediatamente ao local e identificou o suspeito, j\u00e1 conhecido pela guarni\u00e7\u00e3o. PUBLICIDADE Os policiais acompanharam o homem e o retiraram da via p\u00fablica, orientando para que, posteriormente, a fam\u00edlia tome as provid\u00eancias necess\u00e1rias junto aos \u00f3rg\u00e3os competentes. Reda\u00e7\u00e3o Foto: Ilustra\u00e7\u00e3o","og_url":"https:\/\/portalraizesnoticias.com.br\/?p=10535","og_site_name":"Portal raizes noticias","article_published_time":"2026-01-21T16:08:19+00:00","og_image":[{"width":777,"height":617,"url":"https:\/\/portalraizesnoticias.com.br\/wp-content\/uploads\/2026\/01\/IMG-20260121-WA0395.jpg","type":"image\/jpeg"}],"author":"Portal Raizes","twitter_card":"summary_large_image","twitter_misc":{"Escrito por":"Portal Raizes","Est. tempo de leitura":"2 minutos"},"schema":{"@context":"https:\/\/schema.org","@graph":[{"@type":"Article","@id":"https:\/\/portalraizesnoticias.com.br\/?p=10535#article","isPartOf":{"@id":"https:\/\/portalraizesnoticias.com.br\/?p=10535"},"author":{"name":"Portal Raizes","@id":"https:\/\/portalraizesnoticias.com.br\/#\/schema\/person\/a3ca6b0fc701e78df19756c417d943ae"},"headline":"Homem com supostos transtornos mentais invade casas e mercadinho e provoca p\u00e2nico em moradores em Concei\u00e7\u00e3o do Coit\u00e9","datePublished":"2026-01-21T16:08:19+00:00","mainEntityOfPage":{"@id":"https:\/\/portalraizesnoticias.com.br\/?p=10535"},"wordCount":206,"commentCount":0,"publisher":{"@id":"https:\/\/portalraizesnoticias.com.br\/#organization"},"image":{"@id":"https:\/\/portalraizesnoticias.com.br\/?p=10535#primaryimage"},"thumbnailUrl":"https:\/\/portalraizesnoticias.com.br\/wp-content\/uploads\/2026\/01\/IMG-20260121-WA0395.jpg","articleSection":["DESTAQUES","POLICIA","ULTIMAS NOTICIAS"],"inLanguage":"pt-BR","potentialAction":[{"@type":"CommentAction","name":"Comment","target":["https:\/\/portalraizesnoticias.com.br\/?p=10535#respond"]}]},{"@type":"WebPage","@id":"https:\/\/portalraizesnoticias.com.br\/?p=10535","url":"https:\/\/portalraizesnoticias.com.br\/?p=10535","name":"Homem com supostos transtornos mentais invade casas e mercadinho e provoca p\u00e2nico em moradores em Concei\u00e7\u00e3o do Coit\u00e9 - Portal raizes noticias","isPartOf":{"@id":"https:\/\/portalraizesnoticias.com.br\/#website"},"primaryImageOfPage":{"@id":"https:\/\/portalraizesnoticias.com.br\/?p=10535#primaryimage"},"image":{"@id":"https:\/\/portalraizesnoticias.com.br\/?p=10535#primaryimage"},"thumbnailUrl":"https:\/\/portalraizesnoticias.com.br\/wp-content\/uploads\/2026\/01\/IMG-20260121-WA0395.jpg","datePublished":"2026-01-21T16:08:19+00:00","breadcrumb":{"@id":"https:\/\/portalraizesnoticias.com.br\/?p=10535#breadcrumb"},"inLanguage":"pt-BR","potentialAction":[{"@type":"ReadAction","target":["https:\/\/portalraizesnoticias.com.br\/?p=10535"]}]},{"@type":"ImageObject","inLanguage":"pt-BR","@id":"https:\/\/portalraizesnoticias.com.br\/?p=10535#primaryimage","url":"https:\/\/portalraizesnoticias.com.br\/wp-content\/uploads\/2026\/01\/IMG-20260121-WA0395.jpg","contentUrl":"https:\/\/portalraizesnoticias.com.br\/wp-content\/uploads\/2026\/01\/IMG-20260121-WA0395.jpg","width":777,"height":617},{"@type":"BreadcrumbList","@id":"https:\/\/portalraizesnoticias.com.br\/?p=10535#breadcrumb","itemListElement":[{"@type":"ListItem","position":1,"name":"In\u00edcio","item":"https:\/\/portalraizesnoticias.com.br\/"},{"@type":"ListItem","position":2,"name":"Homem com supostos transtornos mentais invade casas e mercadinho e provoca p\u00e2nico em moradores em Concei\u00e7\u00e3o do Coit\u00e9"}]},{"@type":"WebSite","@id":"https:\/\/portalraizesnoticias.com.br\/#website","url":"https:\/\/portalraizesnoticias.com.br\/","name":"Portal raizes NOTICIAS","description":"site de noticias de concei\u00e7\u00e3o do coit\u00e9 e regi\u00e3o","publisher":{"@id":"https:\/\/portalraizesnoticias.com.br\/#organization"},"alternateName":"PORTAL RAIZES COIT\u00c9","potentialAction":[{"@type":"SearchAction","target":{"@type":"EntryPoint","urlTemplate":"https:\/\/portalraizesnoticias.com.br\/?s={search_term_string}"},"query-input":{"@type":"PropertyValueSpecification","valueRequired":true,"valueName":"search_term_string"}}],"inLanguage":"pt-BR"},{"@type":"Organization","@id":"https:\/\/portalraizesnoticias.com.br\/#organization","name":"Portal raizes NOTICIAS","url":"https:\/\/portalraizesnoticias.com.br\/","logo":{"@type":"ImageObject","inLanguage":"pt-BR","@id":"https:\/\/portalraizesnoticias.com.br\/#\/schema\/logo\/image\/","url":"https:\/\/portalraizesnoticias.com.br\/wp-content\/uploads\/2024\/09\/cropped-Captura-de-tela-2024-09-08-011108.png","contentUrl":"https:\/\/portalraizesnoticias.com.br\/wp-content\/uploads\/2024\/09\/cropped-Captura-de-tela-2024-09-08-011108.png","width":606,"height":173,"caption":"Portal raizes NOTICIAS"},"image":{"@id":"https:\/\/portalraizesnoticias.com.br\/#\/schema\/logo\/image\/"}},{"@type":"Person","@id":"https:\/\/portalraizesnoticias.com.br\/#\/schema\/person\/a3ca6b0fc701e78df19756c417d943ae","name":"Portal Raizes","image":{"@type":"ImageObject","inLanguage":"pt-BR","@id":"https:\/\/portalraizesnoticias.com.br\/#\/schema\/person\/image\/","url":"https:\/\/secure.gravatar.com\/avatar\/ef450d29013a3d3fba867a12a249d7b1?s=96&d=mm&r=g","contentUrl":"https:\/\/secure.gravatar.com\/avatar\/ef450d29013a3d3fba867a12a249d7b1?s=96&d=mm&r=g","caption":"Portal Raizes"},"url":"https:\/\/portalraizesnoticias.com.br\/?author=3"}]}},"_links":{"self":[{"href":"https:\/\/portalraizesnoticias.com.br\/index.php?rest_route=\/wp\/v2\/posts\/10535"}],"collection":[{"href":"https:\/\/portalraizesnoticias.com.br\/index.php?rest_route=\/wp\/v2\/posts"}],"about":[{"href":"https:\/\/portalraizesnoticias.com.br\/index.php?rest_route=\/wp\/v2\/types\/post"}],"author":[{"embeddable":true,"href":"https:\/\/portalraizesnoticias.com.br\/index.php?rest_route=\/wp\/v2\/users\/3"}],"replies":[{"embeddable":true,"href":"https:\/\/portalraizesnoticias.com.br\/index.php?rest_route=%2Fwp%2Fv2%2Fcomments&post=10535"}],"version-history":[{"count":3,"href":"https:\/\/portalraizesnoticias.com.br\/index.php?rest_route=\/wp\/v2\/posts\/10535\/revisions"}],"predecessor-version":[{"id":10539,"href":"https:\/\/portalraizesnoticias.com.br\/index.php?rest_route=\/wp\/v2\/posts\/10535\/revisions\/10539"}],"wp:featuredmedia":[{"embeddable":true,"href":"https:\/\/portalraizesnoticias.com.br\/index.php?rest_route=\/wp\/v2\/media\/10537"}],"wp:attachment":[{"href":"https:\/\/portalraizesnoticias.com.br\/index.php?rest_route=%2Fwp%2Fv2%2Fmedia&parent=10535"}],"wp:term":[{"taxonomy":"category","embeddable":true,"href":"https:\/\/portalraizesnoticias.com.br\/index.php?rest_route=%2Fwp%2Fv2%2Fcategories&post=10535"},{"taxonomy":"post_tag","embeddable":true,"href":"https:\/\/portalraizesnoticias.com.br\/index.php?rest_route=%2Fwp%2Fv2%2Ftags&post=10535"}],"curies":[{"name":"wp","href":"https:\/\/api.w.org\/{rel}","templated":true}]}}