{"id":10495,"date":"2026-01-18T15:46:37","date_gmt":"2026-01-18T18:46:37","guid":{"rendered":"https:\/\/portalraizesnoticias.com.br\/?p=10495"},"modified":"2026-01-18T15:46:38","modified_gmt":"2026-01-18T18:46:38","slug":"economista-coiteense-aponta-que-serrinha-tem-mais-potencial-economico-mas-enxerga-futuro-promissor-para-coite-no-setor-imobiliario-e-educacional-mercado-de-casas-de-aluguel-em-alta","status":"publish","type":"post","link":"https:\/\/portalraizesnoticias.com.br\/?p=10495","title":{"rendered":"Economista coiteense aponta que Serrinha tem mais potencial econ\u00f4mico,  mas enxerga futuro promissor para Coit\u00e9 no setor imobili\u00e1rio e educacional; Mercado de casas de aluguel em alta"},"content":{"rendered":"<p>A cidade de Concei\u00e7\u00e3o do Coit\u00e9 \u00e9 reconhecida por seu destaque na regi\u00e3o, especialmente no setor econ\u00f4mico, o que n\u00e3o \u00e9 d\u00favida para ningu\u00e9m. No entanto, o economista Thiago Silveira, 38 anos, com especializa\u00e7\u00e3o acad\u00eamica em Gest\u00e3o de Cidades e Planejamento Urbano, resolveu opinar sobre os \u00e2mbitos de crescimento econ\u00f4mico do munic\u00edpio.<\/p>\n<p><img fetchpriority=\"high\" decoding=\"async\" class=\"size-medium wp-image-10501 aligncenter\" src=\"https:\/\/portalraizesnoticias.com.br\/wp-content\/uploads\/2026\/01\/20260118154332-263x300.jpg\" alt=\"\" width=\"263\" height=\"300\" srcset=\"https:\/\/portalraizesnoticias.com.br\/wp-content\/uploads\/2026\/01\/20260118154332-263x300.jpg 263w, https:\/\/portalraizesnoticias.com.br\/wp-content\/uploads\/2026\/01\/20260118154332-898x1024.jpg 898w, https:\/\/portalraizesnoticias.com.br\/wp-content\/uploads\/2026\/01\/20260118154332-768x876.jpg 768w, https:\/\/portalraizesnoticias.com.br\/wp-content\/uploads\/2026\/01\/20260118154332.jpg 1080w\" sizes=\"(max-width: 263px) 100vw, 263px\" \/><\/p>\n<p style=\"text-align: center;\"><em>Thiago Silveira<\/em><\/p>\n<p><strong>Em entrevista \u00e0 jornalista Rafaela Rodrigues, Thiago foi questionado sobre qual das cidades, Concei\u00e7\u00e3o do Coit\u00e9 ou Serrinha<\/strong>, possui mais potencial econ\u00f4mico. Surpreendendo alguns, ele afirmou que Serrinha tem mais potencial, mesmo sendo natural de Coit\u00e9, o que poderia gerar pol\u00eamica. O economista foi enf\u00e1tico:<\/p>\n<p><img decoding=\"async\" class=\"size-medium wp-image-8289 aligncenter\" src=\"https:\/\/portalraizesnoticias.com.br\/wp-content\/uploads\/2025\/09\/IMG-20250918-WA0124-300x300.jpg\" alt=\"\" width=\"300\" height=\"300\" srcset=\"https:\/\/portalraizesnoticias.com.br\/wp-content\/uploads\/2025\/09\/IMG-20250918-WA0124-300x300.jpg 300w, https:\/\/portalraizesnoticias.com.br\/wp-content\/uploads\/2025\/09\/IMG-20250918-WA0124-150x150.jpg 150w, https:\/\/portalraizesnoticias.com.br\/wp-content\/uploads\/2025\/09\/IMG-20250918-WA0124-768x768.jpg 768w, https:\/\/portalraizesnoticias.com.br\/wp-content\/uploads\/2025\/09\/IMG-20250918-WA0124.jpg 1000w\" sizes=\"(max-width: 300px) 100vw, 300px\" \/><\/p>\n<p style=\"text-align: center;\"><strong>PUBLICIDADE<\/strong><\/p>\n<p>&#8220;Eu sei que essa \u00e9 uma opini\u00e3o pol\u00eamica, principalmente do ponto de vista dos mun\u00edcipes, que naturalmente defendem a cidade onde nasceram. No entanto, do ponto de vista econ\u00f4mico, acho que Serrinha tem mais potencial. \u00c9 uma cidade com maior n\u00famero de habitantes, tem uma receita maior, \u00e9 cortada por uma BR, est\u00e1 mais pr\u00f3xima de Feira de Santana e Salvador. No entanto, cada munic\u00edpio tem suas particularidades e voca\u00e7\u00f5es, e todos t\u00eam potencial para crescer e se desenvolver&#8221;, afirmou Thiago.<\/p>\n<p><img decoding=\"async\" class=\"size-medium wp-image-7771 aligncenter\" src=\"https:\/\/portalraizesnoticias.com.br\/wp-content\/uploads\/2025\/08\/IMG-20250814-WA05541-300x289.jpg\" alt=\"\" width=\"300\" height=\"289\" srcset=\"https:\/\/portalraizesnoticias.com.br\/wp-content\/uploads\/2025\/08\/IMG-20250814-WA05541-300x289.jpg 300w, https:\/\/portalraizesnoticias.com.br\/wp-content\/uploads\/2025\/08\/IMG-20250814-WA05541-1024x988.jpg 1024w, https:\/\/portalraizesnoticias.com.br\/wp-content\/uploads\/2025\/08\/IMG-20250814-WA05541-768x741.jpg 768w, https:\/\/portalraizesnoticias.com.br\/wp-content\/uploads\/2025\/08\/IMG-20250814-WA05541.jpg 1180w\" sizes=\"(max-width: 300px) 100vw, 300px\" \/><\/p>\n<p style=\"text-align: center;\"><strong>PUBLICIDADE<\/strong><\/p>\n<p>Apesar de sua opini\u00e3o sobre Serrinha, o economista coiteense fez quest\u00e3o de ressaltar o diferencial de Concei\u00e7\u00e3o do Coit\u00e9 em compara\u00e7\u00e3o com outras cidades da regi\u00e3o.<\/p>\n<p>&#8220;Eu vejo um diferencial de Coit\u00e9. O empreendedorismo aqui \u00e9 pujante (em pleno crescimento). H\u00e1 muitas pessoas dispostas a investir nos diversos setores. Coit\u00e9 \u00e9 um polo cal\u00e7adista, com v\u00e1rios empreendimentos no ramo. O munic\u00edpio tamb\u00e9m atrai clientes de outros munic\u00edpios no setor supermercadista&#8221;, disse Thiago.<\/p>\n<p><img loading=\"lazy\" decoding=\"async\" class=\"size-medium wp-image-8006 aligncenter\" src=\"https:\/\/portalraizesnoticias.com.br\/wp-content\/uploads\/2025\/09\/IMG-20250902-WA0020-300x296.jpg\" alt=\"\" width=\"300\" height=\"296\" srcset=\"https:\/\/portalraizesnoticias.com.br\/wp-content\/uploads\/2025\/09\/IMG-20250902-WA0020-300x296.jpg 300w, https:\/\/portalraizesnoticias.com.br\/wp-content\/uploads\/2025\/09\/IMG-20250902-WA0020-1024x1009.jpg 1024w, https:\/\/portalraizesnoticias.com.br\/wp-content\/uploads\/2025\/09\/IMG-20250902-WA0020-768x757.jpg 768w, https:\/\/portalraizesnoticias.com.br\/wp-content\/uploads\/2025\/09\/IMG-20250902-WA0020.jpg 1080w\" sizes=\"(max-width: 300px) 100vw, 300px\" \/><\/p>\n<p style=\"text-align: center;\"><strong>PUBLICIDADE<\/strong><\/p>\n<p>Ele tamb\u00e9m mencionou que o setor imobili\u00e1rio tem crescido constantemente, sendo uma op\u00e7\u00e3o significativa para incrementar ainda mais a economia local.<\/p>\n<p>&#8220;Coit\u00e9 j\u00e1 se consolidou como um polo educacional, com institui\u00e7\u00f5es como a Uneb, a Faresi e outras que atraem estudantes de v\u00e1rias localidades. Isso acaba movimentando o mercado de aluguel de im\u00f3veis, pois muitos estudantes optam por residir na cidade durante os cursos&#8221;, afirmou.<\/p>\n<p>Thiago destacou, ainda, o impacto positivo de eventos em Coit\u00e9 para a economia local.<\/p>\n<p>&#8220;Esses eventos contribuem significativamente para o dinamismo econ\u00f4mico do munic\u00edpio, atraindo pessoas de outras cidades e regi\u00f5es. Naturalmente, esses visitantes consomem nos bares, restaurantes, ocupam a rede de hot\u00e9is locais, fazem compras no com\u00e9rcio, supermercados, entre outros&#8221;, concluiu.<\/p>\n<p>Vale ressaltar que, apesar dos investimentos em im\u00f3veis para alugu\u00e9is em Coit\u00e9, a popula\u00e7\u00e3o ainda enfrenta dificuldades para encontrar im\u00f3veis dispon\u00edveis, uma realidade identificada por pesquisas realizadas pelo portal Ra\u00edzes.<\/p>\n<p>Reda\u00e7\u00e3o<\/p>\n<p>Foto: Reprodu\u00e7\u00e3o<\/p>\n","protected":false},"excerpt":{"rendered":"<p>A cidade de Concei\u00e7\u00e3o do Coit\u00e9 \u00e9 reconhecida por seu destaque na regi\u00e3o, especialmente no setor econ\u00f4mico, o que n\u00e3o \u00e9 d\u00favida para ningu\u00e9m. No entanto, o economista Thiago Silveira, 38 anos, com especializa\u00e7\u00e3o acad\u00eamica em Gest\u00e3o de Cidades e Planejamento Urbano, resolveu opinar sobre os \u00e2mbitos de crescimento econ\u00f4mico do munic\u00edpio. Thiago Silveira Em entrevista \u00e0 jornalista Rafaela Rodrigues, Thiago foi questionado sobre qual das cidades, Concei\u00e7\u00e3o do Coit\u00e9 ou Serrinha, possui mais potencial econ\u00f4mico. Surpreendendo alguns, ele afirmou que Serrinha tem mais potencial, mesmo sendo natural de Coit\u00e9, o que poderia gerar pol\u00eamica. O economista foi enf\u00e1tico: PUBLICIDADE &#8220;Eu sei que essa \u00e9 uma opini\u00e3o pol\u00eamica, principalmente do ponto de vista dos mun\u00edcipes, que naturalmente defendem a cidade onde nasceram. No entanto, do ponto de vista econ\u00f4mico, acho que Serrinha tem mais potencial. \u00c9 uma cidade com maior n\u00famero de habitantes, tem uma receita maior, \u00e9 cortada por uma BR, est\u00e1 mais pr\u00f3xima de Feira de Santana e Salvador. No entanto, cada munic\u00edpio tem suas particularidades e voca\u00e7\u00f5es, e todos t\u00eam potencial para crescer e se desenvolver&#8221;, afirmou Thiago. PUBLICIDADE Apesar de sua opini\u00e3o sobre Serrinha, o economista coiteense fez quest\u00e3o de ressaltar o diferencial de Concei\u00e7\u00e3o do Coit\u00e9 em compara\u00e7\u00e3o com outras cidades da regi\u00e3o. &#8220;Eu vejo um diferencial de Coit\u00e9. O empreendedorismo aqui \u00e9 pujante (em pleno crescimento). H\u00e1 muitas pessoas dispostas a investir nos diversos setores. Coit\u00e9 \u00e9 um polo cal\u00e7adista, com v\u00e1rios empreendimentos no ramo. O munic\u00edpio tamb\u00e9m atrai clientes de outros munic\u00edpios no setor supermercadista&#8221;, disse Thiago. PUBLICIDADE Ele tamb\u00e9m mencionou que o setor imobili\u00e1rio tem crescido constantemente, sendo uma op\u00e7\u00e3o significativa para incrementar ainda mais a economia local. &#8220;Coit\u00e9 j\u00e1 se consolidou como um polo educacional, com institui\u00e7\u00f5es como a Uneb, a Faresi e outras que atraem estudantes de v\u00e1rias localidades. Isso acaba movimentando o mercado de aluguel de im\u00f3veis, pois muitos estudantes optam por residir na cidade durante os cursos&#8221;, afirmou. Thiago destacou, ainda, o impacto positivo de eventos em Coit\u00e9 para a economia local. &#8220;Esses eventos contribuem significativamente para o dinamismo econ\u00f4mico do munic\u00edpio, atraindo pessoas de outras cidades e regi\u00f5es. Naturalmente, esses visitantes consomem nos bares, restaurantes, ocupam a rede de hot\u00e9is locais, fazem compras no com\u00e9rcio, supermercados, entre outros&#8221;, concluiu. Vale ressaltar que, apesar dos investimentos em im\u00f3veis para alugu\u00e9is em Coit\u00e9, a popula\u00e7\u00e3o ainda enfrenta dificuldades para encontrar im\u00f3veis dispon\u00edveis, uma realidade identificada por pesquisas realizadas pelo portal Ra\u00edzes. Reda\u00e7\u00e3o Foto: Reprodu\u00e7\u00e3o<\/p>\n","protected":false},"author":3,"featured_media":10497,"comment_status":"open","ping_status":"open","sticky":false,"template":"","format":"standard","meta":{"_joinchat":[],"footnotes":""},"categories":[55,59],"tags":[75,1476,1477],"class_list":["post-10495","post","type-post","status-publish","format-standard","has-post-thumbnail","hentry","category-destaques","category-ultimas-noticias","tag-coite","tag-economista","tag-thiago-silveira"],"yoast_head":"<!-- This site is optimized with the Yoast SEO plugin v24.4 - https:\/\/yoast.com\/wordpress\/plugins\/seo\/ -->\n<title>Economista coiteense aponta que Serrinha tem mais potencial econ\u00f4mico, mas enxerga futuro promissor para Coit\u00e9 no setor imobili\u00e1rio e educacional; Mercado de casas de aluguel em alta - Portal raizes noticias<\/title>\n<meta name=\"robots\" content=\"index, follow, max-snippet:-1, max-image-preview:large, max-video-preview:-1\" \/>\n<link rel=\"canonical\" href=\"https:\/\/portalraizesnoticias.com.br\/?p=10495\" \/>\n<meta property=\"og:locale\" content=\"pt_BR\" \/>\n<meta property=\"og:type\" content=\"article\" \/>\n<meta property=\"og:title\" content=\"Economista coiteense aponta que Serrinha tem mais potencial econ\u00f4mico, mas enxerga futuro promissor para Coit\u00e9 no setor imobili\u00e1rio e educacional; Mercado de casas de aluguel em alta - Portal raizes noticias\" \/>\n<meta property=\"og:description\" content=\"A cidade de Concei\u00e7\u00e3o do Coit\u00e9 \u00e9 reconhecida por seu destaque na regi\u00e3o, especialmente no setor econ\u00f4mico, o que n\u00e3o \u00e9 d\u00favida para ningu\u00e9m. No entanto, o economista Thiago Silveira, 38 anos, com especializa\u00e7\u00e3o acad\u00eamica em Gest\u00e3o de Cidades e Planejamento Urbano, resolveu opinar sobre os \u00e2mbitos de crescimento econ\u00f4mico do munic\u00edpio. Thiago Silveira Em entrevista \u00e0 jornalista Rafaela Rodrigues, Thiago foi questionado sobre qual das cidades, Concei\u00e7\u00e3o do Coit\u00e9 ou Serrinha, possui mais potencial econ\u00f4mico. Surpreendendo alguns, ele afirmou que Serrinha tem mais potencial, mesmo sendo natural de Coit\u00e9, o que poderia gerar pol\u00eamica. O economista foi enf\u00e1tico: PUBLICIDADE &#8220;Eu sei que essa \u00e9 uma opini\u00e3o pol\u00eamica, principalmente do ponto de vista dos mun\u00edcipes, que naturalmente defendem a cidade onde nasceram. No entanto, do ponto de vista econ\u00f4mico, acho que Serrinha tem mais potencial. \u00c9 uma cidade com maior n\u00famero de habitantes, tem uma receita maior, \u00e9 cortada por uma BR, est\u00e1 mais pr\u00f3xima de Feira de Santana e Salvador. No entanto, cada munic\u00edpio tem suas particularidades e voca\u00e7\u00f5es, e todos t\u00eam potencial para crescer e se desenvolver&#8221;, afirmou Thiago. PUBLICIDADE Apesar de sua opini\u00e3o sobre Serrinha, o economista coiteense fez quest\u00e3o de ressaltar o diferencial de Concei\u00e7\u00e3o do Coit\u00e9 em compara\u00e7\u00e3o com outras cidades da regi\u00e3o. &#8220;Eu vejo um diferencial de Coit\u00e9. O empreendedorismo aqui \u00e9 pujante (em pleno crescimento). H\u00e1 muitas pessoas dispostas a investir nos diversos setores. Coit\u00e9 \u00e9 um polo cal\u00e7adista, com v\u00e1rios empreendimentos no ramo. O munic\u00edpio tamb\u00e9m atrai clientes de outros munic\u00edpios no setor supermercadista&#8221;, disse Thiago. PUBLICIDADE Ele tamb\u00e9m mencionou que o setor imobili\u00e1rio tem crescido constantemente, sendo uma op\u00e7\u00e3o significativa para incrementar ainda mais a economia local. &#8220;Coit\u00e9 j\u00e1 se consolidou como um polo educacional, com institui\u00e7\u00f5es como a Uneb, a Faresi e outras que atraem estudantes de v\u00e1rias localidades. Isso acaba movimentando o mercado de aluguel de im\u00f3veis, pois muitos estudantes optam por residir na cidade durante os cursos&#8221;, afirmou. Thiago destacou, ainda, o impacto positivo de eventos em Coit\u00e9 para a economia local. &#8220;Esses eventos contribuem significativamente para o dinamismo econ\u00f4mico do munic\u00edpio, atraindo pessoas de outras cidades e regi\u00f5es. Naturalmente, esses visitantes consomem nos bares, restaurantes, ocupam a rede de hot\u00e9is locais, fazem compras no com\u00e9rcio, supermercados, entre outros&#8221;, concluiu. Vale ressaltar que, apesar dos investimentos em im\u00f3veis para alugu\u00e9is em Coit\u00e9, a popula\u00e7\u00e3o ainda enfrenta dificuldades para encontrar im\u00f3veis dispon\u00edveis, uma realidade identificada por pesquisas realizadas pelo portal Ra\u00edzes. Reda\u00e7\u00e3o Foto: Reprodu\u00e7\u00e3o\" \/>\n<meta property=\"og:url\" content=\"https:\/\/portalraizesnoticias.com.br\/?p=10495\" \/>\n<meta property=\"og:site_name\" content=\"Portal raizes noticias\" \/>\n<meta property=\"article:published_time\" content=\"2026-01-18T18:46:37+00:00\" \/>\n<meta property=\"article:modified_time\" content=\"2026-01-18T18:46:38+00:00\" \/>\n<meta property=\"og:image\" content=\"https:\/\/portalraizesnoticias.com.br\/wp-content\/uploads\/2026\/01\/IMG-20260118-WA0188.jpg\" \/>\n\t<meta property=\"og:image:width\" content=\"1600\" \/>\n\t<meta property=\"og:image:height\" content=\"1220\" \/>\n\t<meta property=\"og:image:type\" content=\"image\/jpeg\" \/>\n<meta name=\"author\" content=\"Portal Raizes\" \/>\n<meta name=\"twitter:card\" content=\"summary_large_image\" \/>\n<meta name=\"twitter:label1\" content=\"Escrito por\" \/>\n\t<meta name=\"twitter:data1\" content=\"Portal Raizes\" \/>\n\t<meta name=\"twitter:label2\" content=\"Est. tempo de leitura\" \/>\n\t<meta name=\"twitter:data2\" content=\"4 minutos\" \/>\n<script type=\"application\/ld+json\" class=\"yoast-schema-graph\">{\"@context\":\"https:\/\/schema.org\",\"@graph\":[{\"@type\":\"Article\",\"@id\":\"https:\/\/portalraizesnoticias.com.br\/?p=10495#article\",\"isPartOf\":{\"@id\":\"https:\/\/portalraizesnoticias.com.br\/?p=10495\"},\"author\":{\"name\":\"Portal Raizes\",\"@id\":\"https:\/\/portalraizesnoticias.com.br\/#\/schema\/person\/a3ca6b0fc701e78df19756c417d943ae\"},\"headline\":\"Economista coiteense aponta que Serrinha tem mais potencial econ\u00f4mico, mas enxerga futuro promissor para Coit\u00e9 no setor imobili\u00e1rio e educacional; Mercado de casas de aluguel em alta\",\"datePublished\":\"2026-01-18T18:46:37+00:00\",\"dateModified\":\"2026-01-18T18:46:38+00:00\",\"mainEntityOfPage\":{\"@id\":\"https:\/\/portalraizesnoticias.com.br\/?p=10495\"},\"wordCount\":478,\"commentCount\":1,\"publisher\":{\"@id\":\"https:\/\/portalraizesnoticias.com.br\/#organization\"},\"image\":{\"@id\":\"https:\/\/portalraizesnoticias.com.br\/?p=10495#primaryimage\"},\"thumbnailUrl\":\"https:\/\/portalraizesnoticias.com.br\/wp-content\/uploads\/2026\/01\/IMG-20260118-WA0188.jpg\",\"keywords\":[\"Coit\u00e9\",\"Economista\",\"Thiago Silveira\"],\"articleSection\":[\"DESTAQUES\",\"ULTIMAS NOTICIAS\"],\"inLanguage\":\"pt-BR\",\"potentialAction\":[{\"@type\":\"CommentAction\",\"name\":\"Comment\",\"target\":[\"https:\/\/portalraizesnoticias.com.br\/?p=10495#respond\"]}]},{\"@type\":\"WebPage\",\"@id\":\"https:\/\/portalraizesnoticias.com.br\/?p=10495\",\"url\":\"https:\/\/portalraizesnoticias.com.br\/?p=10495\",\"name\":\"Economista coiteense aponta que Serrinha tem mais potencial econ\u00f4mico, mas enxerga futuro promissor para Coit\u00e9 no setor imobili\u00e1rio e educacional; Mercado de casas de aluguel em alta - Portal raizes noticias\",\"isPartOf\":{\"@id\":\"https:\/\/portalraizesnoticias.com.br\/#website\"},\"primaryImageOfPage\":{\"@id\":\"https:\/\/portalraizesnoticias.com.br\/?p=10495#primaryimage\"},\"image\":{\"@id\":\"https:\/\/portalraizesnoticias.com.br\/?p=10495#primaryimage\"},\"thumbnailUrl\":\"https:\/\/portalraizesnoticias.com.br\/wp-content\/uploads\/2026\/01\/IMG-20260118-WA0188.jpg\",\"datePublished\":\"2026-01-18T18:46:37+00:00\",\"dateModified\":\"2026-01-18T18:46:38+00:00\",\"breadcrumb\":{\"@id\":\"https:\/\/portalraizesnoticias.com.br\/?p=10495#breadcrumb\"},\"inLanguage\":\"pt-BR\",\"potentialAction\":[{\"@type\":\"ReadAction\",\"target\":[\"https:\/\/portalraizesnoticias.com.br\/?p=10495\"]}]},{\"@type\":\"ImageObject\",\"inLanguage\":\"pt-BR\",\"@id\":\"https:\/\/portalraizesnoticias.com.br\/?p=10495#primaryimage\",\"url\":\"https:\/\/portalraizesnoticias.com.br\/wp-content\/uploads\/2026\/01\/IMG-20260118-WA0188.jpg\",\"contentUrl\":\"https:\/\/portalraizesnoticias.com.br\/wp-content\/uploads\/2026\/01\/IMG-20260118-WA0188.jpg\",\"width\":1600,\"height\":1220},{\"@type\":\"BreadcrumbList\",\"@id\":\"https:\/\/portalraizesnoticias.com.br\/?p=10495#breadcrumb\",\"itemListElement\":[{\"@type\":\"ListItem\",\"position\":1,\"name\":\"In\u00edcio\",\"item\":\"https:\/\/portalraizesnoticias.com.br\/\"},{\"@type\":\"ListItem\",\"position\":2,\"name\":\"Economista coiteense aponta que Serrinha tem mais potencial econ\u00f4mico, mas enxerga futuro promissor para Coit\u00e9 no setor imobili\u00e1rio e educacional; Mercado de casas de aluguel em alta\"}]},{\"@type\":\"WebSite\",\"@id\":\"https:\/\/portalraizesnoticias.com.br\/#website\",\"url\":\"https:\/\/portalraizesnoticias.com.br\/\",\"name\":\"Portal raizes NOTICIAS\",\"description\":\"site de noticias de concei\u00e7\u00e3o do coit\u00e9 e regi\u00e3o\",\"publisher\":{\"@id\":\"https:\/\/portalraizesnoticias.com.br\/#organization\"},\"alternateName\":\"PORTAL RAIZES COIT\u00c9\",\"potentialAction\":[{\"@type\":\"SearchAction\",\"target\":{\"@type\":\"EntryPoint\",\"urlTemplate\":\"https:\/\/portalraizesnoticias.com.br\/?s={search_term_string}\"},\"query-input\":{\"@type\":\"PropertyValueSpecification\",\"valueRequired\":true,\"valueName\":\"search_term_string\"}}],\"inLanguage\":\"pt-BR\"},{\"@type\":\"Organization\",\"@id\":\"https:\/\/portalraizesnoticias.com.br\/#organization\",\"name\":\"Portal raizes NOTICIAS\",\"url\":\"https:\/\/portalraizesnoticias.com.br\/\",\"logo\":{\"@type\":\"ImageObject\",\"inLanguage\":\"pt-BR\",\"@id\":\"https:\/\/portalraizesnoticias.com.br\/#\/schema\/logo\/image\/\",\"url\":\"https:\/\/portalraizesnoticias.com.br\/wp-content\/uploads\/2024\/09\/cropped-Captura-de-tela-2024-09-08-011108.png\",\"contentUrl\":\"https:\/\/portalraizesnoticias.com.br\/wp-content\/uploads\/2024\/09\/cropped-Captura-de-tela-2024-09-08-011108.png\",\"width\":606,\"height\":173,\"caption\":\"Portal raizes NOTICIAS\"},\"image\":{\"@id\":\"https:\/\/portalraizesnoticias.com.br\/#\/schema\/logo\/image\/\"}},{\"@type\":\"Person\",\"@id\":\"https:\/\/portalraizesnoticias.com.br\/#\/schema\/person\/a3ca6b0fc701e78df19756c417d943ae\",\"name\":\"Portal Raizes\",\"image\":{\"@type\":\"ImageObject\",\"inLanguage\":\"pt-BR\",\"@id\":\"https:\/\/portalraizesnoticias.com.br\/#\/schema\/person\/image\/\",\"url\":\"https:\/\/secure.gravatar.com\/avatar\/ef450d29013a3d3fba867a12a249d7b1?s=96&d=mm&r=g\",\"contentUrl\":\"https:\/\/secure.gravatar.com\/avatar\/ef450d29013a3d3fba867a12a249d7b1?s=96&d=mm&r=g\",\"caption\":\"Portal Raizes\"},\"url\":\"https:\/\/portalraizesnoticias.com.br\/?author=3\"}]}<\/script>\n<!-- \/ Yoast SEO plugin. -->","yoast_head_json":{"title":"Economista coiteense aponta que Serrinha tem mais potencial econ\u00f4mico, mas enxerga futuro promissor para Coit\u00e9 no setor imobili\u00e1rio e educacional; Mercado de casas de aluguel em alta - Portal raizes noticias","robots":{"index":"index","follow":"follow","max-snippet":"max-snippet:-1","max-image-preview":"max-image-preview:large","max-video-preview":"max-video-preview:-1"},"canonical":"https:\/\/portalraizesnoticias.com.br\/?p=10495","og_locale":"pt_BR","og_type":"article","og_title":"Economista coiteense aponta que Serrinha tem mais potencial econ\u00f4mico, mas enxerga futuro promissor para Coit\u00e9 no setor imobili\u00e1rio e educacional; Mercado de casas de aluguel em alta - Portal raizes noticias","og_description":"A cidade de Concei\u00e7\u00e3o do Coit\u00e9 \u00e9 reconhecida por seu destaque na regi\u00e3o, especialmente no setor econ\u00f4mico, o que n\u00e3o \u00e9 d\u00favida para ningu\u00e9m. No entanto, o economista Thiago Silveira, 38 anos, com especializa\u00e7\u00e3o acad\u00eamica em Gest\u00e3o de Cidades e Planejamento Urbano, resolveu opinar sobre os \u00e2mbitos de crescimento econ\u00f4mico do munic\u00edpio. Thiago Silveira Em entrevista \u00e0 jornalista Rafaela Rodrigues, Thiago foi questionado sobre qual das cidades, Concei\u00e7\u00e3o do Coit\u00e9 ou Serrinha, possui mais potencial econ\u00f4mico. Surpreendendo alguns, ele afirmou que Serrinha tem mais potencial, mesmo sendo natural de Coit\u00e9, o que poderia gerar pol\u00eamica. O economista foi enf\u00e1tico: PUBLICIDADE &#8220;Eu sei que essa \u00e9 uma opini\u00e3o pol\u00eamica, principalmente do ponto de vista dos mun\u00edcipes, que naturalmente defendem a cidade onde nasceram. No entanto, do ponto de vista econ\u00f4mico, acho que Serrinha tem mais potencial. \u00c9 uma cidade com maior n\u00famero de habitantes, tem uma receita maior, \u00e9 cortada por uma BR, est\u00e1 mais pr\u00f3xima de Feira de Santana e Salvador. No entanto, cada munic\u00edpio tem suas particularidades e voca\u00e7\u00f5es, e todos t\u00eam potencial para crescer e se desenvolver&#8221;, afirmou Thiago. PUBLICIDADE Apesar de sua opini\u00e3o sobre Serrinha, o economista coiteense fez quest\u00e3o de ressaltar o diferencial de Concei\u00e7\u00e3o do Coit\u00e9 em compara\u00e7\u00e3o com outras cidades da regi\u00e3o. &#8220;Eu vejo um diferencial de Coit\u00e9. O empreendedorismo aqui \u00e9 pujante (em pleno crescimento). H\u00e1 muitas pessoas dispostas a investir nos diversos setores. Coit\u00e9 \u00e9 um polo cal\u00e7adista, com v\u00e1rios empreendimentos no ramo. O munic\u00edpio tamb\u00e9m atrai clientes de outros munic\u00edpios no setor supermercadista&#8221;, disse Thiago. PUBLICIDADE Ele tamb\u00e9m mencionou que o setor imobili\u00e1rio tem crescido constantemente, sendo uma op\u00e7\u00e3o significativa para incrementar ainda mais a economia local. &#8220;Coit\u00e9 j\u00e1 se consolidou como um polo educacional, com institui\u00e7\u00f5es como a Uneb, a Faresi e outras que atraem estudantes de v\u00e1rias localidades. Isso acaba movimentando o mercado de aluguel de im\u00f3veis, pois muitos estudantes optam por residir na cidade durante os cursos&#8221;, afirmou. Thiago destacou, ainda, o impacto positivo de eventos em Coit\u00e9 para a economia local. &#8220;Esses eventos contribuem significativamente para o dinamismo econ\u00f4mico do munic\u00edpio, atraindo pessoas de outras cidades e regi\u00f5es. Naturalmente, esses visitantes consomem nos bares, restaurantes, ocupam a rede de hot\u00e9is locais, fazem compras no com\u00e9rcio, supermercados, entre outros&#8221;, concluiu. Vale ressaltar que, apesar dos investimentos em im\u00f3veis para alugu\u00e9is em Coit\u00e9, a popula\u00e7\u00e3o ainda enfrenta dificuldades para encontrar im\u00f3veis dispon\u00edveis, uma realidade identificada por pesquisas realizadas pelo portal Ra\u00edzes. Reda\u00e7\u00e3o Foto: Reprodu\u00e7\u00e3o","og_url":"https:\/\/portalraizesnoticias.com.br\/?p=10495","og_site_name":"Portal raizes noticias","article_published_time":"2026-01-18T18:46:37+00:00","article_modified_time":"2026-01-18T18:46:38+00:00","og_image":[{"width":1600,"height":1220,"url":"https:\/\/portalraizesnoticias.com.br\/wp-content\/uploads\/2026\/01\/IMG-20260118-WA0188.jpg","type":"image\/jpeg"}],"author":"Portal Raizes","twitter_card":"summary_large_image","twitter_misc":{"Escrito por":"Portal Raizes","Est. tempo de leitura":"4 minutos"},"schema":{"@context":"https:\/\/schema.org","@graph":[{"@type":"Article","@id":"https:\/\/portalraizesnoticias.com.br\/?p=10495#article","isPartOf":{"@id":"https:\/\/portalraizesnoticias.com.br\/?p=10495"},"author":{"name":"Portal Raizes","@id":"https:\/\/portalraizesnoticias.com.br\/#\/schema\/person\/a3ca6b0fc701e78df19756c417d943ae"},"headline":"Economista coiteense aponta que Serrinha tem mais potencial econ\u00f4mico, mas enxerga futuro promissor para Coit\u00e9 no setor imobili\u00e1rio e educacional; Mercado de casas de aluguel em alta","datePublished":"2026-01-18T18:46:37+00:00","dateModified":"2026-01-18T18:46:38+00:00","mainEntityOfPage":{"@id":"https:\/\/portalraizesnoticias.com.br\/?p=10495"},"wordCount":478,"commentCount":1,"publisher":{"@id":"https:\/\/portalraizesnoticias.com.br\/#organization"},"image":{"@id":"https:\/\/portalraizesnoticias.com.br\/?p=10495#primaryimage"},"thumbnailUrl":"https:\/\/portalraizesnoticias.com.br\/wp-content\/uploads\/2026\/01\/IMG-20260118-WA0188.jpg","keywords":["Coit\u00e9","Economista","Thiago Silveira"],"articleSection":["DESTAQUES","ULTIMAS NOTICIAS"],"inLanguage":"pt-BR","potentialAction":[{"@type":"CommentAction","name":"Comment","target":["https:\/\/portalraizesnoticias.com.br\/?p=10495#respond"]}]},{"@type":"WebPage","@id":"https:\/\/portalraizesnoticias.com.br\/?p=10495","url":"https:\/\/portalraizesnoticias.com.br\/?p=10495","name":"Economista coiteense aponta que Serrinha tem mais potencial econ\u00f4mico, mas enxerga futuro promissor para Coit\u00e9 no setor imobili\u00e1rio e educacional; Mercado de casas de aluguel em alta - Portal raizes noticias","isPartOf":{"@id":"https:\/\/portalraizesnoticias.com.br\/#website"},"primaryImageOfPage":{"@id":"https:\/\/portalraizesnoticias.com.br\/?p=10495#primaryimage"},"image":{"@id":"https:\/\/portalraizesnoticias.com.br\/?p=10495#primaryimage"},"thumbnailUrl":"https:\/\/portalraizesnoticias.com.br\/wp-content\/uploads\/2026\/01\/IMG-20260118-WA0188.jpg","datePublished":"2026-01-18T18:46:37+00:00","dateModified":"2026-01-18T18:46:38+00:00","breadcrumb":{"@id":"https:\/\/portalraizesnoticias.com.br\/?p=10495#breadcrumb"},"inLanguage":"pt-BR","potentialAction":[{"@type":"ReadAction","target":["https:\/\/portalraizesnoticias.com.br\/?p=10495"]}]},{"@type":"ImageObject","inLanguage":"pt-BR","@id":"https:\/\/portalraizesnoticias.com.br\/?p=10495#primaryimage","url":"https:\/\/portalraizesnoticias.com.br\/wp-content\/uploads\/2026\/01\/IMG-20260118-WA0188.jpg","contentUrl":"https:\/\/portalraizesnoticias.com.br\/wp-content\/uploads\/2026\/01\/IMG-20260118-WA0188.jpg","width":1600,"height":1220},{"@type":"BreadcrumbList","@id":"https:\/\/portalraizesnoticias.com.br\/?p=10495#breadcrumb","itemListElement":[{"@type":"ListItem","position":1,"name":"In\u00edcio","item":"https:\/\/portalraizesnoticias.com.br\/"},{"@type":"ListItem","position":2,"name":"Economista coiteense aponta que Serrinha tem mais potencial econ\u00f4mico, mas enxerga futuro promissor para Coit\u00e9 no setor imobili\u00e1rio e educacional; Mercado de casas de aluguel em alta"}]},{"@type":"WebSite","@id":"https:\/\/portalraizesnoticias.com.br\/#website","url":"https:\/\/portalraizesnoticias.com.br\/","name":"Portal raizes NOTICIAS","description":"site de noticias de concei\u00e7\u00e3o do coit\u00e9 e regi\u00e3o","publisher":{"@id":"https:\/\/portalraizesnoticias.com.br\/#organization"},"alternateName":"PORTAL RAIZES COIT\u00c9","potentialAction":[{"@type":"SearchAction","target":{"@type":"EntryPoint","urlTemplate":"https:\/\/portalraizesnoticias.com.br\/?s={search_term_string}"},"query-input":{"@type":"PropertyValueSpecification","valueRequired":true,"valueName":"search_term_string"}}],"inLanguage":"pt-BR"},{"@type":"Organization","@id":"https:\/\/portalraizesnoticias.com.br\/#organization","name":"Portal raizes NOTICIAS","url":"https:\/\/portalraizesnoticias.com.br\/","logo":{"@type":"ImageObject","inLanguage":"pt-BR","@id":"https:\/\/portalraizesnoticias.com.br\/#\/schema\/logo\/image\/","url":"https:\/\/portalraizesnoticias.com.br\/wp-content\/uploads\/2024\/09\/cropped-Captura-de-tela-2024-09-08-011108.png","contentUrl":"https:\/\/portalraizesnoticias.com.br\/wp-content\/uploads\/2024\/09\/cropped-Captura-de-tela-2024-09-08-011108.png","width":606,"height":173,"caption":"Portal raizes NOTICIAS"},"image":{"@id":"https:\/\/portalraizesnoticias.com.br\/#\/schema\/logo\/image\/"}},{"@type":"Person","@id":"https:\/\/portalraizesnoticias.com.br\/#\/schema\/person\/a3ca6b0fc701e78df19756c417d943ae","name":"Portal Raizes","image":{"@type":"ImageObject","inLanguage":"pt-BR","@id":"https:\/\/portalraizesnoticias.com.br\/#\/schema\/person\/image\/","url":"https:\/\/secure.gravatar.com\/avatar\/ef450d29013a3d3fba867a12a249d7b1?s=96&d=mm&r=g","contentUrl":"https:\/\/secure.gravatar.com\/avatar\/ef450d29013a3d3fba867a12a249d7b1?s=96&d=mm&r=g","caption":"Portal Raizes"},"url":"https:\/\/portalraizesnoticias.com.br\/?author=3"}]}},"_links":{"self":[{"href":"https:\/\/portalraizesnoticias.com.br\/index.php?rest_route=\/wp\/v2\/posts\/10495"}],"collection":[{"href":"https:\/\/portalraizesnoticias.com.br\/index.php?rest_route=\/wp\/v2\/posts"}],"about":[{"href":"https:\/\/portalraizesnoticias.com.br\/index.php?rest_route=\/wp\/v2\/types\/post"}],"author":[{"embeddable":true,"href":"https:\/\/portalraizesnoticias.com.br\/index.php?rest_route=\/wp\/v2\/users\/3"}],"replies":[{"embeddable":true,"href":"https:\/\/portalraizesnoticias.com.br\/index.php?rest_route=%2Fwp%2Fv2%2Fcomments&post=10495"}],"version-history":[{"count":6,"href":"https:\/\/portalraizesnoticias.com.br\/index.php?rest_route=\/wp\/v2\/posts\/10495\/revisions"}],"predecessor-version":[{"id":10503,"href":"https:\/\/portalraizesnoticias.com.br\/index.php?rest_route=\/wp\/v2\/posts\/10495\/revisions\/10503"}],"wp:featuredmedia":[{"embeddable":true,"href":"https:\/\/portalraizesnoticias.com.br\/index.php?rest_route=\/wp\/v2\/media\/10497"}],"wp:attachment":[{"href":"https:\/\/portalraizesnoticias.com.br\/index.php?rest_route=%2Fwp%2Fv2%2Fmedia&parent=10495"}],"wp:term":[{"taxonomy":"category","embeddable":true,"href":"https:\/\/portalraizesnoticias.com.br\/index.php?rest_route=%2Fwp%2Fv2%2Fcategories&post=10495"},{"taxonomy":"post_tag","embeddable":true,"href":"https:\/\/portalraizesnoticias.com.br\/index.php?rest_route=%2Fwp%2Fv2%2Ftags&post=10495"}],"curies":[{"name":"wp","href":"https:\/\/api.w.org\/{rel}","templated":true}]}}