{"id":10429,"date":"2026-01-13T12:43:28","date_gmt":"2026-01-13T15:43:28","guid":{"rendered":"https:\/\/portalraizesnoticias.com.br\/?p=10429"},"modified":"2026-01-13T12:43:28","modified_gmt":"2026-01-13T15:43:28","slug":"mulher-denuncia-agressoes-e-ameacas-do-companheiro-em-conceicao-do-coite","status":"publish","type":"post","link":"https:\/\/portalraizesnoticias.com.br\/?p=10429","title":{"rendered":"Mulher denuncia agress\u00f5es e amea\u00e7as do companheiro em Concei\u00e7\u00e3o do Coit\u00e9"},"content":{"rendered":"<p>Uma mulher de 37 anos denunciou ter sido v\u00edtima de agress\u00f5es f\u00edsicas, verbais e amea\u00e7as na tarde desta segunda-feira (12), na Rua Osmundo Silva,\u00a0 no munic\u00edpio de Concei\u00e7\u00e3o do Coit\u00e9, regi\u00e3o sisaleira.<\/p>\n<p><img fetchpriority=\"high\" decoding=\"async\" class=\"size-medium wp-image-9057 aligncenter\" src=\"https:\/\/portalraizesnoticias.com.br\/wp-content\/uploads\/2025\/10\/banner-lateral-agencia-Neri-1536x1536-1-300x300.jpg\" alt=\"\" width=\"300\" height=\"300\" srcset=\"https:\/\/portalraizesnoticias.com.br\/wp-content\/uploads\/2025\/10\/banner-lateral-agencia-Neri-1536x1536-1-300x300.jpg 300w, https:\/\/portalraizesnoticias.com.br\/wp-content\/uploads\/2025\/10\/banner-lateral-agencia-Neri-1536x1536-1-1024x1024.jpg 1024w, https:\/\/portalraizesnoticias.com.br\/wp-content\/uploads\/2025\/10\/banner-lateral-agencia-Neri-1536x1536-1-150x150.jpg 150w, https:\/\/portalraizesnoticias.com.br\/wp-content\/uploads\/2025\/10\/banner-lateral-agencia-Neri-1536x1536-1-768x768.jpg 768w, https:\/\/portalraizesnoticias.com.br\/wp-content\/uploads\/2025\/10\/banner-lateral-agencia-Neri-1536x1536-1.jpg 1536w\" sizes=\"(max-width: 300px) 100vw, 300px\" \/><\/p>\n<p style=\"text-align: center;\"><strong>PUBLICIDADE<\/strong><\/p>\n<p>De acordo com informa\u00e7\u00f5es da Pol\u00edcia Militar, por volta das 14h05 o plantonista do Hospital Portugu\u00eas entrou em contato com a 4\u00aa Companhia informando que uma mulher havia dado entrada na unidade de sa\u00fade ap\u00f3s sofrer agress\u00f5es.<\/p>\n<p><img decoding=\"async\" class=\"size-medium wp-image-8289 aligncenter\" src=\"https:\/\/portalraizesnoticias.com.br\/wp-content\/uploads\/2025\/09\/IMG-20250918-WA0124-300x300.jpg\" alt=\"\" width=\"300\" height=\"300\" srcset=\"https:\/\/portalraizesnoticias.com.br\/wp-content\/uploads\/2025\/09\/IMG-20250918-WA0124-300x300.jpg 300w, https:\/\/portalraizesnoticias.com.br\/wp-content\/uploads\/2025\/09\/IMG-20250918-WA0124-150x150.jpg 150w, https:\/\/portalraizesnoticias.com.br\/wp-content\/uploads\/2025\/09\/IMG-20250918-WA0124-768x768.jpg 768w, https:\/\/portalraizesnoticias.com.br\/wp-content\/uploads\/2025\/09\/IMG-20250918-WA0124.jpg 1000w\" sizes=\"(max-width: 300px) 100vw, 300px\" \/><\/p>\n<p style=\"text-align: center;\"><strong>PUBLICIDADE<\/strong><\/p>\n<p>A guarni\u00e7\u00e3o\u00a0 deslocou-se at\u00e9 o hospital, onde manteve contato com a v\u00edtima, C.S. Ela relatou que sofreu agress\u00f5es f\u00edsicas e verbais, al\u00e9m de amea\u00e7as, ap\u00f3s um desentendimento com o companheiro, S.M\u00a0 de 50 anos, que teria fugido do local ap\u00f3s o ocorrido.<\/p>\n<p><img decoding=\"async\" class=\"size-medium wp-image-8006 aligncenter\" src=\"https:\/\/portalraizesnoticias.com.br\/wp-content\/uploads\/2025\/09\/IMG-20250902-WA0020-300x296.jpg\" alt=\"\" width=\"300\" height=\"296\" srcset=\"https:\/\/portalraizesnoticias.com.br\/wp-content\/uploads\/2025\/09\/IMG-20250902-WA0020-300x296.jpg 300w, https:\/\/portalraizesnoticias.com.br\/wp-content\/uploads\/2025\/09\/IMG-20250902-WA0020-1024x1009.jpg 1024w, https:\/\/portalraizesnoticias.com.br\/wp-content\/uploads\/2025\/09\/IMG-20250902-WA0020-768x757.jpg 768w, https:\/\/portalraizesnoticias.com.br\/wp-content\/uploads\/2025\/09\/IMG-20250902-WA0020.jpg 1080w\" sizes=\"(max-width: 300px) 100vw, 300px\" \/><\/p>\n<p style=\"text-align: center;\"><strong>PUBLICIDADE<\/strong><\/p>\n<p>Os policiais colheram os dados pessoais dos envolvidos, orientaram a v\u00edtima a registrar ocorr\u00eancia na Delegacia de Pol\u00edcia Civil e realizaram rondas na regi\u00e3o na tentativa de localizar o suspeito, mas ele n\u00e3o foi encontrado.<\/p>\n<p>O caso ser\u00e1 apurado pelas autoridades competentes.<\/p>\n<p>Reda\u00e7\u00e3o<\/p>\n","protected":false},"excerpt":{"rendered":"<p>Uma mulher de 37 anos denunciou ter sido v\u00edtima de agress\u00f5es f\u00edsicas, verbais e amea\u00e7as na tarde desta segunda-feira (12), na Rua Osmundo Silva,\u00a0 no munic\u00edpio de Concei\u00e7\u00e3o do Coit\u00e9, regi\u00e3o sisaleira. PUBLICIDADE De acordo com informa\u00e7\u00f5es da Pol\u00edcia Militar, por volta das 14h05 o plantonista do Hospital Portugu\u00eas entrou em contato com a 4\u00aa Companhia informando que uma mulher havia dado entrada na unidade de sa\u00fade ap\u00f3s sofrer agress\u00f5es. PUBLICIDADE A guarni\u00e7\u00e3o\u00a0 deslocou-se at\u00e9 o hospital, onde manteve contato com a v\u00edtima, C.S. Ela relatou que sofreu agress\u00f5es f\u00edsicas e verbais, al\u00e9m de amea\u00e7as, ap\u00f3s um desentendimento com o companheiro, S.M\u00a0 de 50 anos, que teria fugido do local ap\u00f3s o ocorrido. PUBLICIDADE Os policiais colheram os dados pessoais dos envolvidos, orientaram a v\u00edtima a registrar ocorr\u00eancia na Delegacia de Pol\u00edcia Civil e realizaram rondas na regi\u00e3o na tentativa de localizar o suspeito, mas ele n\u00e3o foi encontrado. O caso ser\u00e1 apurado pelas autoridades competentes. Reda\u00e7\u00e3o<\/p>\n","protected":false},"author":3,"featured_media":8371,"comment_status":"open","ping_status":"open","sticky":false,"template":"","format":"standard","meta":{"_joinchat":[],"footnotes":""},"categories":[55,67],"tags":[],"class_list":["post-10429","post","type-post","status-publish","format-standard","has-post-thumbnail","hentry","category-destaques","category-policia"],"yoast_head":"<!-- This site is optimized with the Yoast SEO plugin v24.4 - https:\/\/yoast.com\/wordpress\/plugins\/seo\/ -->\n<title>Mulher denuncia agress\u00f5es e amea\u00e7as do companheiro em Concei\u00e7\u00e3o do Coit\u00e9 - Portal raizes noticias<\/title>\n<meta name=\"robots\" content=\"index, follow, max-snippet:-1, max-image-preview:large, max-video-preview:-1\" \/>\n<link rel=\"canonical\" href=\"https:\/\/portalraizesnoticias.com.br\/?p=10429\" \/>\n<meta property=\"og:locale\" content=\"pt_BR\" \/>\n<meta property=\"og:type\" content=\"article\" \/>\n<meta property=\"og:title\" content=\"Mulher denuncia agress\u00f5es e amea\u00e7as do companheiro em Concei\u00e7\u00e3o do Coit\u00e9 - Portal raizes noticias\" \/>\n<meta property=\"og:description\" content=\"Uma mulher de 37 anos denunciou ter sido v\u00edtima de agress\u00f5es f\u00edsicas, verbais e amea\u00e7as na tarde desta segunda-feira (12), na Rua Osmundo Silva,\u00a0 no munic\u00edpio de Concei\u00e7\u00e3o do Coit\u00e9, regi\u00e3o sisaleira. PUBLICIDADE De acordo com informa\u00e7\u00f5es da Pol\u00edcia Militar, por volta das 14h05 o plantonista do Hospital Portugu\u00eas entrou em contato com a 4\u00aa Companhia informando que uma mulher havia dado entrada na unidade de sa\u00fade ap\u00f3s sofrer agress\u00f5es. PUBLICIDADE A guarni\u00e7\u00e3o\u00a0 deslocou-se at\u00e9 o hospital, onde manteve contato com a v\u00edtima, C.S. Ela relatou que sofreu agress\u00f5es f\u00edsicas e verbais, al\u00e9m de amea\u00e7as, ap\u00f3s um desentendimento com o companheiro, S.M\u00a0 de 50 anos, que teria fugido do local ap\u00f3s o ocorrido. PUBLICIDADE Os policiais colheram os dados pessoais dos envolvidos, orientaram a v\u00edtima a registrar ocorr\u00eancia na Delegacia de Pol\u00edcia Civil e realizaram rondas na regi\u00e3o na tentativa de localizar o suspeito, mas ele n\u00e3o foi encontrado. O caso ser\u00e1 apurado pelas autoridades competentes. Reda\u00e7\u00e3o\" \/>\n<meta property=\"og:url\" content=\"https:\/\/portalraizesnoticias.com.br\/?p=10429\" \/>\n<meta property=\"og:site_name\" content=\"Portal raizes noticias\" \/>\n<meta property=\"article:published_time\" content=\"2026-01-13T15:43:28+00:00\" \/>\n<meta property=\"og:image\" content=\"https:\/\/portalraizesnoticias.com.br\/wp-content\/uploads\/2025\/09\/sinal-da-mao-da-mulher-para-parar-de-abusar-da-violencia-conceito-do-dia-dos-direitos-humanos-53476-545.jpg\" \/>\n\t<meta property=\"og:image:width\" content=\"984\" \/>\n\t<meta property=\"og:image:height\" content=\"655\" \/>\n\t<meta property=\"og:image:type\" content=\"image\/jpeg\" \/>\n<meta name=\"author\" content=\"Portal Raizes\" \/>\n<meta name=\"twitter:card\" content=\"summary_large_image\" \/>\n<meta name=\"twitter:label1\" content=\"Escrito por\" \/>\n\t<meta name=\"twitter:data1\" content=\"Portal Raizes\" \/>\n\t<meta name=\"twitter:label2\" content=\"Est. tempo de leitura\" \/>\n\t<meta name=\"twitter:data2\" content=\"2 minutos\" \/>\n<script type=\"application\/ld+json\" class=\"yoast-schema-graph\">{\"@context\":\"https:\/\/schema.org\",\"@graph\":[{\"@type\":\"Article\",\"@id\":\"https:\/\/portalraizesnoticias.com.br\/?p=10429#article\",\"isPartOf\":{\"@id\":\"https:\/\/portalraizesnoticias.com.br\/?p=10429\"},\"author\":{\"name\":\"Portal Raizes\",\"@id\":\"https:\/\/portalraizesnoticias.com.br\/#\/schema\/person\/a3ca6b0fc701e78df19756c417d943ae\"},\"headline\":\"Mulher denuncia agress\u00f5es e amea\u00e7as do companheiro em Concei\u00e7\u00e3o do Coit\u00e9\",\"datePublished\":\"2026-01-13T15:43:28+00:00\",\"mainEntityOfPage\":{\"@id\":\"https:\/\/portalraizesnoticias.com.br\/?p=10429\"},\"wordCount\":196,\"commentCount\":0,\"publisher\":{\"@id\":\"https:\/\/portalraizesnoticias.com.br\/#organization\"},\"image\":{\"@id\":\"https:\/\/portalraizesnoticias.com.br\/?p=10429#primaryimage\"},\"thumbnailUrl\":\"https:\/\/portalraizesnoticias.com.br\/wp-content\/uploads\/2025\/09\/sinal-da-mao-da-mulher-para-parar-de-abusar-da-violencia-conceito-do-dia-dos-direitos-humanos-53476-545.jpg\",\"articleSection\":[\"DESTAQUES\",\"POLICIA\"],\"inLanguage\":\"pt-BR\",\"potentialAction\":[{\"@type\":\"CommentAction\",\"name\":\"Comment\",\"target\":[\"https:\/\/portalraizesnoticias.com.br\/?p=10429#respond\"]}]},{\"@type\":\"WebPage\",\"@id\":\"https:\/\/portalraizesnoticias.com.br\/?p=10429\",\"url\":\"https:\/\/portalraizesnoticias.com.br\/?p=10429\",\"name\":\"Mulher denuncia agress\u00f5es e amea\u00e7as do companheiro em Concei\u00e7\u00e3o do Coit\u00e9 - Portal raizes noticias\",\"isPartOf\":{\"@id\":\"https:\/\/portalraizesnoticias.com.br\/#website\"},\"primaryImageOfPage\":{\"@id\":\"https:\/\/portalraizesnoticias.com.br\/?p=10429#primaryimage\"},\"image\":{\"@id\":\"https:\/\/portalraizesnoticias.com.br\/?p=10429#primaryimage\"},\"thumbnailUrl\":\"https:\/\/portalraizesnoticias.com.br\/wp-content\/uploads\/2025\/09\/sinal-da-mao-da-mulher-para-parar-de-abusar-da-violencia-conceito-do-dia-dos-direitos-humanos-53476-545.jpg\",\"datePublished\":\"2026-01-13T15:43:28+00:00\",\"breadcrumb\":{\"@id\":\"https:\/\/portalraizesnoticias.com.br\/?p=10429#breadcrumb\"},\"inLanguage\":\"pt-BR\",\"potentialAction\":[{\"@type\":\"ReadAction\",\"target\":[\"https:\/\/portalraizesnoticias.com.br\/?p=10429\"]}]},{\"@type\":\"ImageObject\",\"inLanguage\":\"pt-BR\",\"@id\":\"https:\/\/portalraizesnoticias.com.br\/?p=10429#primaryimage\",\"url\":\"https:\/\/portalraizesnoticias.com.br\/wp-content\/uploads\/2025\/09\/sinal-da-mao-da-mulher-para-parar-de-abusar-da-violencia-conceito-do-dia-dos-direitos-humanos-53476-545.jpg\",\"contentUrl\":\"https:\/\/portalraizesnoticias.com.br\/wp-content\/uploads\/2025\/09\/sinal-da-mao-da-mulher-para-parar-de-abusar-da-violencia-conceito-do-dia-dos-direitos-humanos-53476-545.jpg\",\"width\":984,\"height\":655},{\"@type\":\"BreadcrumbList\",\"@id\":\"https:\/\/portalraizesnoticias.com.br\/?p=10429#breadcrumb\",\"itemListElement\":[{\"@type\":\"ListItem\",\"position\":1,\"name\":\"In\u00edcio\",\"item\":\"https:\/\/portalraizesnoticias.com.br\/\"},{\"@type\":\"ListItem\",\"position\":2,\"name\":\"Mulher denuncia agress\u00f5es e amea\u00e7as do companheiro em Concei\u00e7\u00e3o do Coit\u00e9\"}]},{\"@type\":\"WebSite\",\"@id\":\"https:\/\/portalraizesnoticias.com.br\/#website\",\"url\":\"https:\/\/portalraizesnoticias.com.br\/\",\"name\":\"Portal raizes NOTICIAS\",\"description\":\"site de noticias de concei\u00e7\u00e3o do coit\u00e9 e regi\u00e3o\",\"publisher\":{\"@id\":\"https:\/\/portalraizesnoticias.com.br\/#organization\"},\"alternateName\":\"PORTAL RAIZES COIT\u00c9\",\"potentialAction\":[{\"@type\":\"SearchAction\",\"target\":{\"@type\":\"EntryPoint\",\"urlTemplate\":\"https:\/\/portalraizesnoticias.com.br\/?s={search_term_string}\"},\"query-input\":{\"@type\":\"PropertyValueSpecification\",\"valueRequired\":true,\"valueName\":\"search_term_string\"}}],\"inLanguage\":\"pt-BR\"},{\"@type\":\"Organization\",\"@id\":\"https:\/\/portalraizesnoticias.com.br\/#organization\",\"name\":\"Portal raizes NOTICIAS\",\"url\":\"https:\/\/portalraizesnoticias.com.br\/\",\"logo\":{\"@type\":\"ImageObject\",\"inLanguage\":\"pt-BR\",\"@id\":\"https:\/\/portalraizesnoticias.com.br\/#\/schema\/logo\/image\/\",\"url\":\"https:\/\/portalraizesnoticias.com.br\/wp-content\/uploads\/2024\/09\/cropped-Captura-de-tela-2024-09-08-011108.png\",\"contentUrl\":\"https:\/\/portalraizesnoticias.com.br\/wp-content\/uploads\/2024\/09\/cropped-Captura-de-tela-2024-09-08-011108.png\",\"width\":606,\"height\":173,\"caption\":\"Portal raizes NOTICIAS\"},\"image\":{\"@id\":\"https:\/\/portalraizesnoticias.com.br\/#\/schema\/logo\/image\/\"}},{\"@type\":\"Person\",\"@id\":\"https:\/\/portalraizesnoticias.com.br\/#\/schema\/person\/a3ca6b0fc701e78df19756c417d943ae\",\"name\":\"Portal Raizes\",\"image\":{\"@type\":\"ImageObject\",\"inLanguage\":\"pt-BR\",\"@id\":\"https:\/\/portalraizesnoticias.com.br\/#\/schema\/person\/image\/\",\"url\":\"https:\/\/secure.gravatar.com\/avatar\/ef450d29013a3d3fba867a12a249d7b1?s=96&d=mm&r=g\",\"contentUrl\":\"https:\/\/secure.gravatar.com\/avatar\/ef450d29013a3d3fba867a12a249d7b1?s=96&d=mm&r=g\",\"caption\":\"Portal Raizes\"},\"url\":\"https:\/\/portalraizesnoticias.com.br\/?author=3\"}]}<\/script>\n<!-- \/ Yoast SEO plugin. -->","yoast_head_json":{"title":"Mulher denuncia agress\u00f5es e amea\u00e7as do companheiro em Concei\u00e7\u00e3o do Coit\u00e9 - Portal raizes noticias","robots":{"index":"index","follow":"follow","max-snippet":"max-snippet:-1","max-image-preview":"max-image-preview:large","max-video-preview":"max-video-preview:-1"},"canonical":"https:\/\/portalraizesnoticias.com.br\/?p=10429","og_locale":"pt_BR","og_type":"article","og_title":"Mulher denuncia agress\u00f5es e amea\u00e7as do companheiro em Concei\u00e7\u00e3o do Coit\u00e9 - Portal raizes noticias","og_description":"Uma mulher de 37 anos denunciou ter sido v\u00edtima de agress\u00f5es f\u00edsicas, verbais e amea\u00e7as na tarde desta segunda-feira (12), na Rua Osmundo Silva,\u00a0 no munic\u00edpio de Concei\u00e7\u00e3o do Coit\u00e9, regi\u00e3o sisaleira. PUBLICIDADE De acordo com informa\u00e7\u00f5es da Pol\u00edcia Militar, por volta das 14h05 o plantonista do Hospital Portugu\u00eas entrou em contato com a 4\u00aa Companhia informando que uma mulher havia dado entrada na unidade de sa\u00fade ap\u00f3s sofrer agress\u00f5es. PUBLICIDADE A guarni\u00e7\u00e3o\u00a0 deslocou-se at\u00e9 o hospital, onde manteve contato com a v\u00edtima, C.S. Ela relatou que sofreu agress\u00f5es f\u00edsicas e verbais, al\u00e9m de amea\u00e7as, ap\u00f3s um desentendimento com o companheiro, S.M\u00a0 de 50 anos, que teria fugido do local ap\u00f3s o ocorrido. PUBLICIDADE Os policiais colheram os dados pessoais dos envolvidos, orientaram a v\u00edtima a registrar ocorr\u00eancia na Delegacia de Pol\u00edcia Civil e realizaram rondas na regi\u00e3o na tentativa de localizar o suspeito, mas ele n\u00e3o foi encontrado. O caso ser\u00e1 apurado pelas autoridades competentes. Reda\u00e7\u00e3o","og_url":"https:\/\/portalraizesnoticias.com.br\/?p=10429","og_site_name":"Portal raizes noticias","article_published_time":"2026-01-13T15:43:28+00:00","og_image":[{"width":984,"height":655,"url":"https:\/\/portalraizesnoticias.com.br\/wp-content\/uploads\/2025\/09\/sinal-da-mao-da-mulher-para-parar-de-abusar-da-violencia-conceito-do-dia-dos-direitos-humanos-53476-545.jpg","type":"image\/jpeg"}],"author":"Portal Raizes","twitter_card":"summary_large_image","twitter_misc":{"Escrito por":"Portal Raizes","Est. tempo de leitura":"2 minutos"},"schema":{"@context":"https:\/\/schema.org","@graph":[{"@type":"Article","@id":"https:\/\/portalraizesnoticias.com.br\/?p=10429#article","isPartOf":{"@id":"https:\/\/portalraizesnoticias.com.br\/?p=10429"},"author":{"name":"Portal Raizes","@id":"https:\/\/portalraizesnoticias.com.br\/#\/schema\/person\/a3ca6b0fc701e78df19756c417d943ae"},"headline":"Mulher denuncia agress\u00f5es e amea\u00e7as do companheiro em Concei\u00e7\u00e3o do Coit\u00e9","datePublished":"2026-01-13T15:43:28+00:00","mainEntityOfPage":{"@id":"https:\/\/portalraizesnoticias.com.br\/?p=10429"},"wordCount":196,"commentCount":0,"publisher":{"@id":"https:\/\/portalraizesnoticias.com.br\/#organization"},"image":{"@id":"https:\/\/portalraizesnoticias.com.br\/?p=10429#primaryimage"},"thumbnailUrl":"https:\/\/portalraizesnoticias.com.br\/wp-content\/uploads\/2025\/09\/sinal-da-mao-da-mulher-para-parar-de-abusar-da-violencia-conceito-do-dia-dos-direitos-humanos-53476-545.jpg","articleSection":["DESTAQUES","POLICIA"],"inLanguage":"pt-BR","potentialAction":[{"@type":"CommentAction","name":"Comment","target":["https:\/\/portalraizesnoticias.com.br\/?p=10429#respond"]}]},{"@type":"WebPage","@id":"https:\/\/portalraizesnoticias.com.br\/?p=10429","url":"https:\/\/portalraizesnoticias.com.br\/?p=10429","name":"Mulher denuncia agress\u00f5es e amea\u00e7as do companheiro em Concei\u00e7\u00e3o do Coit\u00e9 - Portal raizes noticias","isPartOf":{"@id":"https:\/\/portalraizesnoticias.com.br\/#website"},"primaryImageOfPage":{"@id":"https:\/\/portalraizesnoticias.com.br\/?p=10429#primaryimage"},"image":{"@id":"https:\/\/portalraizesnoticias.com.br\/?p=10429#primaryimage"},"thumbnailUrl":"https:\/\/portalraizesnoticias.com.br\/wp-content\/uploads\/2025\/09\/sinal-da-mao-da-mulher-para-parar-de-abusar-da-violencia-conceito-do-dia-dos-direitos-humanos-53476-545.jpg","datePublished":"2026-01-13T15:43:28+00:00","breadcrumb":{"@id":"https:\/\/portalraizesnoticias.com.br\/?p=10429#breadcrumb"},"inLanguage":"pt-BR","potentialAction":[{"@type":"ReadAction","target":["https:\/\/portalraizesnoticias.com.br\/?p=10429"]}]},{"@type":"ImageObject","inLanguage":"pt-BR","@id":"https:\/\/portalraizesnoticias.com.br\/?p=10429#primaryimage","url":"https:\/\/portalraizesnoticias.com.br\/wp-content\/uploads\/2025\/09\/sinal-da-mao-da-mulher-para-parar-de-abusar-da-violencia-conceito-do-dia-dos-direitos-humanos-53476-545.jpg","contentUrl":"https:\/\/portalraizesnoticias.com.br\/wp-content\/uploads\/2025\/09\/sinal-da-mao-da-mulher-para-parar-de-abusar-da-violencia-conceito-do-dia-dos-direitos-humanos-53476-545.jpg","width":984,"height":655},{"@type":"BreadcrumbList","@id":"https:\/\/portalraizesnoticias.com.br\/?p=10429#breadcrumb","itemListElement":[{"@type":"ListItem","position":1,"name":"In\u00edcio","item":"https:\/\/portalraizesnoticias.com.br\/"},{"@type":"ListItem","position":2,"name":"Mulher denuncia agress\u00f5es e amea\u00e7as do companheiro em Concei\u00e7\u00e3o do Coit\u00e9"}]},{"@type":"WebSite","@id":"https:\/\/portalraizesnoticias.com.br\/#website","url":"https:\/\/portalraizesnoticias.com.br\/","name":"Portal raizes NOTICIAS","description":"site de noticias de concei\u00e7\u00e3o do coit\u00e9 e regi\u00e3o","publisher":{"@id":"https:\/\/portalraizesnoticias.com.br\/#organization"},"alternateName":"PORTAL RAIZES COIT\u00c9","potentialAction":[{"@type":"SearchAction","target":{"@type":"EntryPoint","urlTemplate":"https:\/\/portalraizesnoticias.com.br\/?s={search_term_string}"},"query-input":{"@type":"PropertyValueSpecification","valueRequired":true,"valueName":"search_term_string"}}],"inLanguage":"pt-BR"},{"@type":"Organization","@id":"https:\/\/portalraizesnoticias.com.br\/#organization","name":"Portal raizes NOTICIAS","url":"https:\/\/portalraizesnoticias.com.br\/","logo":{"@type":"ImageObject","inLanguage":"pt-BR","@id":"https:\/\/portalraizesnoticias.com.br\/#\/schema\/logo\/image\/","url":"https:\/\/portalraizesnoticias.com.br\/wp-content\/uploads\/2024\/09\/cropped-Captura-de-tela-2024-09-08-011108.png","contentUrl":"https:\/\/portalraizesnoticias.com.br\/wp-content\/uploads\/2024\/09\/cropped-Captura-de-tela-2024-09-08-011108.png","width":606,"height":173,"caption":"Portal raizes NOTICIAS"},"image":{"@id":"https:\/\/portalraizesnoticias.com.br\/#\/schema\/logo\/image\/"}},{"@type":"Person","@id":"https:\/\/portalraizesnoticias.com.br\/#\/schema\/person\/a3ca6b0fc701e78df19756c417d943ae","name":"Portal Raizes","image":{"@type":"ImageObject","inLanguage":"pt-BR","@id":"https:\/\/portalraizesnoticias.com.br\/#\/schema\/person\/image\/","url":"https:\/\/secure.gravatar.com\/avatar\/ef450d29013a3d3fba867a12a249d7b1?s=96&d=mm&r=g","contentUrl":"https:\/\/secure.gravatar.com\/avatar\/ef450d29013a3d3fba867a12a249d7b1?s=96&d=mm&r=g","caption":"Portal Raizes"},"url":"https:\/\/portalraizesnoticias.com.br\/?author=3"}]}},"_links":{"self":[{"href":"https:\/\/portalraizesnoticias.com.br\/index.php?rest_route=\/wp\/v2\/posts\/10429"}],"collection":[{"href":"https:\/\/portalraizesnoticias.com.br\/index.php?rest_route=\/wp\/v2\/posts"}],"about":[{"href":"https:\/\/portalraizesnoticias.com.br\/index.php?rest_route=\/wp\/v2\/types\/post"}],"author":[{"embeddable":true,"href":"https:\/\/portalraizesnoticias.com.br\/index.php?rest_route=\/wp\/v2\/users\/3"}],"replies":[{"embeddable":true,"href":"https:\/\/portalraizesnoticias.com.br\/index.php?rest_route=%2Fwp%2Fv2%2Fcomments&post=10429"}],"version-history":[{"count":3,"href":"https:\/\/portalraizesnoticias.com.br\/index.php?rest_route=\/wp\/v2\/posts\/10429\/revisions"}],"predecessor-version":[{"id":10432,"href":"https:\/\/portalraizesnoticias.com.br\/index.php?rest_route=\/wp\/v2\/posts\/10429\/revisions\/10432"}],"wp:featuredmedia":[{"embeddable":true,"href":"https:\/\/portalraizesnoticias.com.br\/index.php?rest_route=\/wp\/v2\/media\/8371"}],"wp:attachment":[{"href":"https:\/\/portalraizesnoticias.com.br\/index.php?rest_route=%2Fwp%2Fv2%2Fmedia&parent=10429"}],"wp:term":[{"taxonomy":"category","embeddable":true,"href":"https:\/\/portalraizesnoticias.com.br\/index.php?rest_route=%2Fwp%2Fv2%2Fcategories&post=10429"},{"taxonomy":"post_tag","embeddable":true,"href":"https:\/\/portalraizesnoticias.com.br\/index.php?rest_route=%2Fwp%2Fv2%2Ftags&post=10429"}],"curies":[{"name":"wp","href":"https:\/\/api.w.org\/{rel}","templated":true}]}}