{"id":10416,"date":"2026-01-11T12:48:30","date_gmt":"2026-01-11T15:48:30","guid":{"rendered":"https:\/\/portalraizesnoticias.com.br\/?p=10416"},"modified":"2026-01-11T12:48:31","modified_gmt":"2026-01-11T15:48:31","slug":"mulher-e-presa-apos-esfaquear-colega-de-trabalho-em-bar-na-zona-rural-de-valente-vitima-foi-transferida-em-estado-grave","status":"publish","type":"post","link":"https:\/\/portalraizesnoticias.com.br\/?p=10416","title":{"rendered":"Mulher \u00e9 presa ap\u00f3s esfaquear colega de trabalho em bar na zona rural de Valente; v\u00edtima foi transferida em estado grave"},"content":{"rendered":"<p>Uma mulher foi presa na madrugada deste domingo (11) suspeita de tentativa de homic\u00eddio ap\u00f3s esfaquear uma colega de trabalho em um bar localizado no povoado de Mato Grosso, zona rural do munic\u00edpio de Valente.<\/p>\n<p><img fetchpriority=\"high\" decoding=\"async\" class=\"size-medium wp-image-10352 aligncenter\" src=\"https:\/\/portalraizesnoticias.com.br\/wp-content\/uploads\/2026\/01\/IMG-20260108-WA0380-272x300.jpg\" alt=\"\" width=\"272\" height=\"300\" srcset=\"https:\/\/portalraizesnoticias.com.br\/wp-content\/uploads\/2026\/01\/IMG-20260108-WA0380-272x300.jpg 272w, https:\/\/portalraizesnoticias.com.br\/wp-content\/uploads\/2026\/01\/IMG-20260108-WA0380-927x1024.jpg 927w, https:\/\/portalraizesnoticias.com.br\/wp-content\/uploads\/2026\/01\/IMG-20260108-WA0380-768x848.jpg 768w, https:\/\/portalraizesnoticias.com.br\/wp-content\/uploads\/2026\/01\/IMG-20260108-WA0380.jpg 1080w\" sizes=\"(max-width: 272px) 100vw, 272px\" \/><\/p>\n<p style=\"text-align: center;\"><strong>PUBLICIDADE<\/strong><\/p>\n<p>De acordo com informa\u00e7\u00f5es da Pol\u00edcia Militar, por volta das 1h50, a guarni\u00e7\u00e3o foi acionada pelo Hospital Municipal de Valente, ap\u00f3s uma mulher dar entrada na unidade com ferimentos graves provocados por arma branca.<\/p>\n<p><img decoding=\"async\" class=\"size-medium wp-image-8641 aligncenter\" src=\"https:\/\/portalraizesnoticias.com.br\/wp-content\/uploads\/2025\/10\/WhatsApp-Image-2025-10-02-at-08.27.18-300x229.jpeg\" alt=\"\" width=\"300\" height=\"229\" srcset=\"https:\/\/portalraizesnoticias.com.br\/wp-content\/uploads\/2025\/10\/WhatsApp-Image-2025-10-02-at-08.27.18-300x229.jpeg 300w, https:\/\/portalraizesnoticias.com.br\/wp-content\/uploads\/2025\/10\/WhatsApp-Image-2025-10-02-at-08.27.18.jpeg 752w\" sizes=\"(max-width: 300px) 100vw, 300px\" \/><\/p>\n<p style=\"text-align: center;\"><strong>PUBLICIDADE<\/strong><\/p>\n<p>A v\u00edtima, identificada como F. S, de 34 anos, natural de Feira de Santana, relatou que foi esfaqueada por uma colega de profiss\u00e3o durante uma discuss\u00e3o no bar.<\/p>\n<p><img decoding=\"async\" class=\"size-medium wp-image-8006 aligncenter\" src=\"https:\/\/portalraizesnoticias.com.br\/wp-content\/uploads\/2025\/09\/IMG-20250902-WA0020-300x296.jpg\" alt=\"\" width=\"300\" height=\"296\" srcset=\"https:\/\/portalraizesnoticias.com.br\/wp-content\/uploads\/2025\/09\/IMG-20250902-WA0020-300x296.jpg 300w, https:\/\/portalraizesnoticias.com.br\/wp-content\/uploads\/2025\/09\/IMG-20250902-WA0020-1024x1009.jpg 1024w, https:\/\/portalraizesnoticias.com.br\/wp-content\/uploads\/2025\/09\/IMG-20250902-WA0020-768x757.jpg 768w, https:\/\/portalraizesnoticias.com.br\/wp-content\/uploads\/2025\/09\/IMG-20250902-WA0020.jpg 1080w\" sizes=\"(max-width: 300px) 100vw, 300px\" \/><\/p>\n<p style=\"text-align: center;\"><strong>PUBLICIDADE<\/strong><\/p>\n<p>Ap\u00f3s o ataque, ela foi regulada e transferida em estado grave para um hospital em Feira de Santana, com suspeita de hemorragia interna na regi\u00e3o do t\u00f3rax.<\/p>\n<p>Ainda conforme a PM, por volta das 4h50, populares informaram que a suspeita estaria se deslocando para a rodovi\u00e1ria da cidade. A guarni\u00e7\u00e3o realizou dilig\u00eancias e conseguiu localizar e prender a suspeita\u00a0 de 39 anos.<\/p>\n<p>A mulher foi inicialmente encaminhada ao Hospital Municipal de Valente para atendimento m\u00e9dico, j\u00e1 que apresentava les\u00e3o leve no p\u00e9, proveniente da briga. Em seguida, ela foi conduzida \u00e0 Delegacia de Pol\u00edcia Civil de Riach\u00e3o do Jacu\u00edpe, onde foram adotadas as medidas cab\u00edveis.<\/p>\n<p>Durante a a\u00e7\u00e3o, a pol\u00edcia apreendeu uma faca tipo peixeira, al\u00e9m de dois aparelhos celulares e uma mochila com roupas e objetos pessoais.<\/p>\n<p>O caso ser\u00e1 investigado pela Pol\u00edcia Civil.<\/p>\n","protected":false},"excerpt":{"rendered":"<p>Uma mulher foi presa na madrugada deste domingo (11) suspeita de tentativa de homic\u00eddio ap\u00f3s esfaquear uma colega de trabalho em um bar localizado no povoado de Mato Grosso, zona rural do munic\u00edpio de Valente. PUBLICIDADE De acordo com informa\u00e7\u00f5es da Pol\u00edcia Militar, por volta das 1h50, a guarni\u00e7\u00e3o foi acionada pelo Hospital Municipal de Valente, ap\u00f3s uma mulher dar entrada na unidade com ferimentos graves provocados por arma branca. PUBLICIDADE A v\u00edtima, identificada como F. S, de 34 anos, natural de Feira de Santana, relatou que foi esfaqueada por uma colega de profiss\u00e3o durante uma discuss\u00e3o no bar. PUBLICIDADE Ap\u00f3s o ataque, ela foi regulada e transferida em estado grave para um hospital em Feira de Santana, com suspeita de hemorragia interna na regi\u00e3o do t\u00f3rax. Ainda conforme a PM, por volta das 4h50, populares informaram que a suspeita estaria se deslocando para a rodovi\u00e1ria da cidade. A guarni\u00e7\u00e3o realizou dilig\u00eancias e conseguiu localizar e prender a suspeita\u00a0 de 39 anos. A mulher foi inicialmente encaminhada ao Hospital Municipal de Valente para atendimento m\u00e9dico, j\u00e1 que apresentava les\u00e3o leve no p\u00e9, proveniente da briga. Em seguida, ela foi conduzida \u00e0 Delegacia de Pol\u00edcia Civil de Riach\u00e3o do Jacu\u00edpe, onde foram adotadas as medidas cab\u00edveis. Durante a a\u00e7\u00e3o, a pol\u00edcia apreendeu uma faca tipo peixeira, al\u00e9m de dois aparelhos celulares e uma mochila com roupas e objetos pessoais. O caso ser\u00e1 investigado pela Pol\u00edcia Civil.<\/p>\n","protected":false},"author":3,"featured_media":8388,"comment_status":"open","ping_status":"open","sticky":false,"template":"","format":"standard","meta":{"_joinchat":[],"footnotes":""},"categories":[55,67,59],"tags":[],"class_list":["post-10416","post","type-post","status-publish","format-standard","has-post-thumbnail","hentry","category-destaques","category-policia","category-ultimas-noticias"],"yoast_head":"<!-- This site is optimized with the Yoast SEO plugin v24.4 - https:\/\/yoast.com\/wordpress\/plugins\/seo\/ -->\n<title>Mulher \u00e9 presa ap\u00f3s esfaquear colega de trabalho em bar na zona rural de Valente; v\u00edtima foi transferida em estado grave - Portal raizes noticias<\/title>\n<meta name=\"robots\" content=\"index, follow, max-snippet:-1, max-image-preview:large, max-video-preview:-1\" \/>\n<link rel=\"canonical\" href=\"https:\/\/portalraizesnoticias.com.br\/?p=10416\" \/>\n<meta property=\"og:locale\" content=\"pt_BR\" \/>\n<meta property=\"og:type\" content=\"article\" \/>\n<meta property=\"og:title\" content=\"Mulher \u00e9 presa ap\u00f3s esfaquear colega de trabalho em bar na zona rural de Valente; v\u00edtima foi transferida em estado grave - Portal raizes noticias\" \/>\n<meta property=\"og:description\" content=\"Uma mulher foi presa na madrugada deste domingo (11) suspeita de tentativa de homic\u00eddio ap\u00f3s esfaquear uma colega de trabalho em um bar localizado no povoado de Mato Grosso, zona rural do munic\u00edpio de Valente. PUBLICIDADE De acordo com informa\u00e7\u00f5es da Pol\u00edcia Militar, por volta das 1h50, a guarni\u00e7\u00e3o foi acionada pelo Hospital Municipal de Valente, ap\u00f3s uma mulher dar entrada na unidade com ferimentos graves provocados por arma branca. PUBLICIDADE A v\u00edtima, identificada como F. S, de 34 anos, natural de Feira de Santana, relatou que foi esfaqueada por uma colega de profiss\u00e3o durante uma discuss\u00e3o no bar. PUBLICIDADE Ap\u00f3s o ataque, ela foi regulada e transferida em estado grave para um hospital em Feira de Santana, com suspeita de hemorragia interna na regi\u00e3o do t\u00f3rax. Ainda conforme a PM, por volta das 4h50, populares informaram que a suspeita estaria se deslocando para a rodovi\u00e1ria da cidade. A guarni\u00e7\u00e3o realizou dilig\u00eancias e conseguiu localizar e prender a suspeita\u00a0 de 39 anos. A mulher foi inicialmente encaminhada ao Hospital Municipal de Valente para atendimento m\u00e9dico, j\u00e1 que apresentava les\u00e3o leve no p\u00e9, proveniente da briga. Em seguida, ela foi conduzida \u00e0 Delegacia de Pol\u00edcia Civil de Riach\u00e3o do Jacu\u00edpe, onde foram adotadas as medidas cab\u00edveis. Durante a a\u00e7\u00e3o, a pol\u00edcia apreendeu uma faca tipo peixeira, al\u00e9m de dois aparelhos celulares e uma mochila com roupas e objetos pessoais. O caso ser\u00e1 investigado pela Pol\u00edcia Civil.\" \/>\n<meta property=\"og:url\" content=\"https:\/\/portalraizesnoticias.com.br\/?p=10416\" \/>\n<meta property=\"og:site_name\" content=\"Portal raizes noticias\" \/>\n<meta property=\"article:published_time\" content=\"2026-01-11T15:48:30+00:00\" \/>\n<meta property=\"article:modified_time\" content=\"2026-01-11T15:48:31+00:00\" \/>\n<meta property=\"og:image\" content=\"https:\/\/portalraizesnoticias.com.br\/wp-content\/uploads\/2025\/09\/404_Faca_moIMG_5073_520x500_5f49d504-49b8-4145-8cc4-d15d6e2d6952.jpg\" \/>\n\t<meta property=\"og:image:width\" content=\"520\" \/>\n\t<meta property=\"og:image:height\" content=\"416\" \/>\n\t<meta property=\"og:image:type\" content=\"image\/jpeg\" \/>\n<meta name=\"author\" content=\"Portal Raizes\" \/>\n<meta name=\"twitter:card\" content=\"summary_large_image\" \/>\n<meta name=\"twitter:label1\" content=\"Escrito por\" \/>\n\t<meta name=\"twitter:data1\" content=\"Portal Raizes\" \/>\n\t<meta name=\"twitter:label2\" content=\"Est. tempo de leitura\" \/>\n\t<meta name=\"twitter:data2\" content=\"3 minutos\" \/>\n<script type=\"application\/ld+json\" class=\"yoast-schema-graph\">{\"@context\":\"https:\/\/schema.org\",\"@graph\":[{\"@type\":\"Article\",\"@id\":\"https:\/\/portalraizesnoticias.com.br\/?p=10416#article\",\"isPartOf\":{\"@id\":\"https:\/\/portalraizesnoticias.com.br\/?p=10416\"},\"author\":{\"name\":\"Portal Raizes\",\"@id\":\"https:\/\/portalraizesnoticias.com.br\/#\/schema\/person\/a3ca6b0fc701e78df19756c417d943ae\"},\"headline\":\"Mulher \u00e9 presa ap\u00f3s esfaquear colega de trabalho em bar na zona rural de Valente; v\u00edtima foi transferida em estado grave\",\"datePublished\":\"2026-01-11T15:48:30+00:00\",\"dateModified\":\"2026-01-11T15:48:31+00:00\",\"mainEntityOfPage\":{\"@id\":\"https:\/\/portalraizesnoticias.com.br\/?p=10416\"},\"wordCount\":279,\"commentCount\":0,\"publisher\":{\"@id\":\"https:\/\/portalraizesnoticias.com.br\/#organization\"},\"image\":{\"@id\":\"https:\/\/portalraizesnoticias.com.br\/?p=10416#primaryimage\"},\"thumbnailUrl\":\"https:\/\/portalraizesnoticias.com.br\/wp-content\/uploads\/2025\/09\/404_Faca_moIMG_5073_520x500_5f49d504-49b8-4145-8cc4-d15d6e2d6952.jpg\",\"articleSection\":[\"DESTAQUES\",\"POLICIA\",\"ULTIMAS NOTICIAS\"],\"inLanguage\":\"pt-BR\",\"potentialAction\":[{\"@type\":\"CommentAction\",\"name\":\"Comment\",\"target\":[\"https:\/\/portalraizesnoticias.com.br\/?p=10416#respond\"]}]},{\"@type\":\"WebPage\",\"@id\":\"https:\/\/portalraizesnoticias.com.br\/?p=10416\",\"url\":\"https:\/\/portalraizesnoticias.com.br\/?p=10416\",\"name\":\"Mulher \u00e9 presa ap\u00f3s esfaquear colega de trabalho em bar na zona rural de Valente; v\u00edtima foi transferida em estado grave - Portal raizes noticias\",\"isPartOf\":{\"@id\":\"https:\/\/portalraizesnoticias.com.br\/#website\"},\"primaryImageOfPage\":{\"@id\":\"https:\/\/portalraizesnoticias.com.br\/?p=10416#primaryimage\"},\"image\":{\"@id\":\"https:\/\/portalraizesnoticias.com.br\/?p=10416#primaryimage\"},\"thumbnailUrl\":\"https:\/\/portalraizesnoticias.com.br\/wp-content\/uploads\/2025\/09\/404_Faca_moIMG_5073_520x500_5f49d504-49b8-4145-8cc4-d15d6e2d6952.jpg\",\"datePublished\":\"2026-01-11T15:48:30+00:00\",\"dateModified\":\"2026-01-11T15:48:31+00:00\",\"breadcrumb\":{\"@id\":\"https:\/\/portalraizesnoticias.com.br\/?p=10416#breadcrumb\"},\"inLanguage\":\"pt-BR\",\"potentialAction\":[{\"@type\":\"ReadAction\",\"target\":[\"https:\/\/portalraizesnoticias.com.br\/?p=10416\"]}]},{\"@type\":\"ImageObject\",\"inLanguage\":\"pt-BR\",\"@id\":\"https:\/\/portalraizesnoticias.com.br\/?p=10416#primaryimage\",\"url\":\"https:\/\/portalraizesnoticias.com.br\/wp-content\/uploads\/2025\/09\/404_Faca_moIMG_5073_520x500_5f49d504-49b8-4145-8cc4-d15d6e2d6952.jpg\",\"contentUrl\":\"https:\/\/portalraizesnoticias.com.br\/wp-content\/uploads\/2025\/09\/404_Faca_moIMG_5073_520x500_5f49d504-49b8-4145-8cc4-d15d6e2d6952.jpg\",\"width\":520,\"height\":416},{\"@type\":\"BreadcrumbList\",\"@id\":\"https:\/\/portalraizesnoticias.com.br\/?p=10416#breadcrumb\",\"itemListElement\":[{\"@type\":\"ListItem\",\"position\":1,\"name\":\"In\u00edcio\",\"item\":\"https:\/\/portalraizesnoticias.com.br\/\"},{\"@type\":\"ListItem\",\"position\":2,\"name\":\"Mulher \u00e9 presa ap\u00f3s esfaquear colega de trabalho em bar na zona rural de Valente; v\u00edtima foi transferida em estado grave\"}]},{\"@type\":\"WebSite\",\"@id\":\"https:\/\/portalraizesnoticias.com.br\/#website\",\"url\":\"https:\/\/portalraizesnoticias.com.br\/\",\"name\":\"Portal raizes NOTICIAS\",\"description\":\"site de noticias de concei\u00e7\u00e3o do coit\u00e9 e regi\u00e3o\",\"publisher\":{\"@id\":\"https:\/\/portalraizesnoticias.com.br\/#organization\"},\"alternateName\":\"PORTAL RAIZES COIT\u00c9\",\"potentialAction\":[{\"@type\":\"SearchAction\",\"target\":{\"@type\":\"EntryPoint\",\"urlTemplate\":\"https:\/\/portalraizesnoticias.com.br\/?s={search_term_string}\"},\"query-input\":{\"@type\":\"PropertyValueSpecification\",\"valueRequired\":true,\"valueName\":\"search_term_string\"}}],\"inLanguage\":\"pt-BR\"},{\"@type\":\"Organization\",\"@id\":\"https:\/\/portalraizesnoticias.com.br\/#organization\",\"name\":\"Portal raizes NOTICIAS\",\"url\":\"https:\/\/portalraizesnoticias.com.br\/\",\"logo\":{\"@type\":\"ImageObject\",\"inLanguage\":\"pt-BR\",\"@id\":\"https:\/\/portalraizesnoticias.com.br\/#\/schema\/logo\/image\/\",\"url\":\"https:\/\/portalraizesnoticias.com.br\/wp-content\/uploads\/2024\/09\/cropped-Captura-de-tela-2024-09-08-011108.png\",\"contentUrl\":\"https:\/\/portalraizesnoticias.com.br\/wp-content\/uploads\/2024\/09\/cropped-Captura-de-tela-2024-09-08-011108.png\",\"width\":606,\"height\":173,\"caption\":\"Portal raizes NOTICIAS\"},\"image\":{\"@id\":\"https:\/\/portalraizesnoticias.com.br\/#\/schema\/logo\/image\/\"}},{\"@type\":\"Person\",\"@id\":\"https:\/\/portalraizesnoticias.com.br\/#\/schema\/person\/a3ca6b0fc701e78df19756c417d943ae\",\"name\":\"Portal Raizes\",\"image\":{\"@type\":\"ImageObject\",\"inLanguage\":\"pt-BR\",\"@id\":\"https:\/\/portalraizesnoticias.com.br\/#\/schema\/person\/image\/\",\"url\":\"https:\/\/secure.gravatar.com\/avatar\/ef450d29013a3d3fba867a12a249d7b1?s=96&d=mm&r=g\",\"contentUrl\":\"https:\/\/secure.gravatar.com\/avatar\/ef450d29013a3d3fba867a12a249d7b1?s=96&d=mm&r=g\",\"caption\":\"Portal Raizes\"},\"url\":\"https:\/\/portalraizesnoticias.com.br\/?author=3\"}]}<\/script>\n<!-- \/ Yoast SEO plugin. -->","yoast_head_json":{"title":"Mulher \u00e9 presa ap\u00f3s esfaquear colega de trabalho em bar na zona rural de Valente; v\u00edtima foi transferida em estado grave - Portal raizes noticias","robots":{"index":"index","follow":"follow","max-snippet":"max-snippet:-1","max-image-preview":"max-image-preview:large","max-video-preview":"max-video-preview:-1"},"canonical":"https:\/\/portalraizesnoticias.com.br\/?p=10416","og_locale":"pt_BR","og_type":"article","og_title":"Mulher \u00e9 presa ap\u00f3s esfaquear colega de trabalho em bar na zona rural de Valente; v\u00edtima foi transferida em estado grave - Portal raizes noticias","og_description":"Uma mulher foi presa na madrugada deste domingo (11) suspeita de tentativa de homic\u00eddio ap\u00f3s esfaquear uma colega de trabalho em um bar localizado no povoado de Mato Grosso, zona rural do munic\u00edpio de Valente. PUBLICIDADE De acordo com informa\u00e7\u00f5es da Pol\u00edcia Militar, por volta das 1h50, a guarni\u00e7\u00e3o foi acionada pelo Hospital Municipal de Valente, ap\u00f3s uma mulher dar entrada na unidade com ferimentos graves provocados por arma branca. PUBLICIDADE A v\u00edtima, identificada como F. S, de 34 anos, natural de Feira de Santana, relatou que foi esfaqueada por uma colega de profiss\u00e3o durante uma discuss\u00e3o no bar. PUBLICIDADE Ap\u00f3s o ataque, ela foi regulada e transferida em estado grave para um hospital em Feira de Santana, com suspeita de hemorragia interna na regi\u00e3o do t\u00f3rax. Ainda conforme a PM, por volta das 4h50, populares informaram que a suspeita estaria se deslocando para a rodovi\u00e1ria da cidade. A guarni\u00e7\u00e3o realizou dilig\u00eancias e conseguiu localizar e prender a suspeita\u00a0 de 39 anos. A mulher foi inicialmente encaminhada ao Hospital Municipal de Valente para atendimento m\u00e9dico, j\u00e1 que apresentava les\u00e3o leve no p\u00e9, proveniente da briga. Em seguida, ela foi conduzida \u00e0 Delegacia de Pol\u00edcia Civil de Riach\u00e3o do Jacu\u00edpe, onde foram adotadas as medidas cab\u00edveis. Durante a a\u00e7\u00e3o, a pol\u00edcia apreendeu uma faca tipo peixeira, al\u00e9m de dois aparelhos celulares e uma mochila com roupas e objetos pessoais. O caso ser\u00e1 investigado pela Pol\u00edcia Civil.","og_url":"https:\/\/portalraizesnoticias.com.br\/?p=10416","og_site_name":"Portal raizes noticias","article_published_time":"2026-01-11T15:48:30+00:00","article_modified_time":"2026-01-11T15:48:31+00:00","og_image":[{"width":520,"height":416,"url":"https:\/\/portalraizesnoticias.com.br\/wp-content\/uploads\/2025\/09\/404_Faca_moIMG_5073_520x500_5f49d504-49b8-4145-8cc4-d15d6e2d6952.jpg","type":"image\/jpeg"}],"author":"Portal Raizes","twitter_card":"summary_large_image","twitter_misc":{"Escrito por":"Portal Raizes","Est. tempo de leitura":"3 minutos"},"schema":{"@context":"https:\/\/schema.org","@graph":[{"@type":"Article","@id":"https:\/\/portalraizesnoticias.com.br\/?p=10416#article","isPartOf":{"@id":"https:\/\/portalraizesnoticias.com.br\/?p=10416"},"author":{"name":"Portal Raizes","@id":"https:\/\/portalraizesnoticias.com.br\/#\/schema\/person\/a3ca6b0fc701e78df19756c417d943ae"},"headline":"Mulher \u00e9 presa ap\u00f3s esfaquear colega de trabalho em bar na zona rural de Valente; v\u00edtima foi transferida em estado grave","datePublished":"2026-01-11T15:48:30+00:00","dateModified":"2026-01-11T15:48:31+00:00","mainEntityOfPage":{"@id":"https:\/\/portalraizesnoticias.com.br\/?p=10416"},"wordCount":279,"commentCount":0,"publisher":{"@id":"https:\/\/portalraizesnoticias.com.br\/#organization"},"image":{"@id":"https:\/\/portalraizesnoticias.com.br\/?p=10416#primaryimage"},"thumbnailUrl":"https:\/\/portalraizesnoticias.com.br\/wp-content\/uploads\/2025\/09\/404_Faca_moIMG_5073_520x500_5f49d504-49b8-4145-8cc4-d15d6e2d6952.jpg","articleSection":["DESTAQUES","POLICIA","ULTIMAS NOTICIAS"],"inLanguage":"pt-BR","potentialAction":[{"@type":"CommentAction","name":"Comment","target":["https:\/\/portalraizesnoticias.com.br\/?p=10416#respond"]}]},{"@type":"WebPage","@id":"https:\/\/portalraizesnoticias.com.br\/?p=10416","url":"https:\/\/portalraizesnoticias.com.br\/?p=10416","name":"Mulher \u00e9 presa ap\u00f3s esfaquear colega de trabalho em bar na zona rural de Valente; v\u00edtima foi transferida em estado grave - Portal raizes noticias","isPartOf":{"@id":"https:\/\/portalraizesnoticias.com.br\/#website"},"primaryImageOfPage":{"@id":"https:\/\/portalraizesnoticias.com.br\/?p=10416#primaryimage"},"image":{"@id":"https:\/\/portalraizesnoticias.com.br\/?p=10416#primaryimage"},"thumbnailUrl":"https:\/\/portalraizesnoticias.com.br\/wp-content\/uploads\/2025\/09\/404_Faca_moIMG_5073_520x500_5f49d504-49b8-4145-8cc4-d15d6e2d6952.jpg","datePublished":"2026-01-11T15:48:30+00:00","dateModified":"2026-01-11T15:48:31+00:00","breadcrumb":{"@id":"https:\/\/portalraizesnoticias.com.br\/?p=10416#breadcrumb"},"inLanguage":"pt-BR","potentialAction":[{"@type":"ReadAction","target":["https:\/\/portalraizesnoticias.com.br\/?p=10416"]}]},{"@type":"ImageObject","inLanguage":"pt-BR","@id":"https:\/\/portalraizesnoticias.com.br\/?p=10416#primaryimage","url":"https:\/\/portalraizesnoticias.com.br\/wp-content\/uploads\/2025\/09\/404_Faca_moIMG_5073_520x500_5f49d504-49b8-4145-8cc4-d15d6e2d6952.jpg","contentUrl":"https:\/\/portalraizesnoticias.com.br\/wp-content\/uploads\/2025\/09\/404_Faca_moIMG_5073_520x500_5f49d504-49b8-4145-8cc4-d15d6e2d6952.jpg","width":520,"height":416},{"@type":"BreadcrumbList","@id":"https:\/\/portalraizesnoticias.com.br\/?p=10416#breadcrumb","itemListElement":[{"@type":"ListItem","position":1,"name":"In\u00edcio","item":"https:\/\/portalraizesnoticias.com.br\/"},{"@type":"ListItem","position":2,"name":"Mulher \u00e9 presa ap\u00f3s esfaquear colega de trabalho em bar na zona rural de Valente; v\u00edtima foi transferida em estado grave"}]},{"@type":"WebSite","@id":"https:\/\/portalraizesnoticias.com.br\/#website","url":"https:\/\/portalraizesnoticias.com.br\/","name":"Portal raizes NOTICIAS","description":"site de noticias de concei\u00e7\u00e3o do coit\u00e9 e regi\u00e3o","publisher":{"@id":"https:\/\/portalraizesnoticias.com.br\/#organization"},"alternateName":"PORTAL RAIZES COIT\u00c9","potentialAction":[{"@type":"SearchAction","target":{"@type":"EntryPoint","urlTemplate":"https:\/\/portalraizesnoticias.com.br\/?s={search_term_string}"},"query-input":{"@type":"PropertyValueSpecification","valueRequired":true,"valueName":"search_term_string"}}],"inLanguage":"pt-BR"},{"@type":"Organization","@id":"https:\/\/portalraizesnoticias.com.br\/#organization","name":"Portal raizes NOTICIAS","url":"https:\/\/portalraizesnoticias.com.br\/","logo":{"@type":"ImageObject","inLanguage":"pt-BR","@id":"https:\/\/portalraizesnoticias.com.br\/#\/schema\/logo\/image\/","url":"https:\/\/portalraizesnoticias.com.br\/wp-content\/uploads\/2024\/09\/cropped-Captura-de-tela-2024-09-08-011108.png","contentUrl":"https:\/\/portalraizesnoticias.com.br\/wp-content\/uploads\/2024\/09\/cropped-Captura-de-tela-2024-09-08-011108.png","width":606,"height":173,"caption":"Portal raizes NOTICIAS"},"image":{"@id":"https:\/\/portalraizesnoticias.com.br\/#\/schema\/logo\/image\/"}},{"@type":"Person","@id":"https:\/\/portalraizesnoticias.com.br\/#\/schema\/person\/a3ca6b0fc701e78df19756c417d943ae","name":"Portal Raizes","image":{"@type":"ImageObject","inLanguage":"pt-BR","@id":"https:\/\/portalraizesnoticias.com.br\/#\/schema\/person\/image\/","url":"https:\/\/secure.gravatar.com\/avatar\/ef450d29013a3d3fba867a12a249d7b1?s=96&d=mm&r=g","contentUrl":"https:\/\/secure.gravatar.com\/avatar\/ef450d29013a3d3fba867a12a249d7b1?s=96&d=mm&r=g","caption":"Portal Raizes"},"url":"https:\/\/portalraizesnoticias.com.br\/?author=3"}]}},"_links":{"self":[{"href":"https:\/\/portalraizesnoticias.com.br\/index.php?rest_route=\/wp\/v2\/posts\/10416"}],"collection":[{"href":"https:\/\/portalraizesnoticias.com.br\/index.php?rest_route=\/wp\/v2\/posts"}],"about":[{"href":"https:\/\/portalraizesnoticias.com.br\/index.php?rest_route=\/wp\/v2\/types\/post"}],"author":[{"embeddable":true,"href":"https:\/\/portalraizesnoticias.com.br\/index.php?rest_route=\/wp\/v2\/users\/3"}],"replies":[{"embeddable":true,"href":"https:\/\/portalraizesnoticias.com.br\/index.php?rest_route=%2Fwp%2Fv2%2Fcomments&post=10416"}],"version-history":[{"count":2,"href":"https:\/\/portalraizesnoticias.com.br\/index.php?rest_route=\/wp\/v2\/posts\/10416\/revisions"}],"predecessor-version":[{"id":10418,"href":"https:\/\/portalraizesnoticias.com.br\/index.php?rest_route=\/wp\/v2\/posts\/10416\/revisions\/10418"}],"wp:featuredmedia":[{"embeddable":true,"href":"https:\/\/portalraizesnoticias.com.br\/index.php?rest_route=\/wp\/v2\/media\/8388"}],"wp:attachment":[{"href":"https:\/\/portalraizesnoticias.com.br\/index.php?rest_route=%2Fwp%2Fv2%2Fmedia&parent=10416"}],"wp:term":[{"taxonomy":"category","embeddable":true,"href":"https:\/\/portalraizesnoticias.com.br\/index.php?rest_route=%2Fwp%2Fv2%2Fcategories&post=10416"},{"taxonomy":"post_tag","embeddable":true,"href":"https:\/\/portalraizesnoticias.com.br\/index.php?rest_route=%2Fwp%2Fv2%2Ftags&post=10416"}],"curies":[{"name":"wp","href":"https:\/\/api.w.org\/{rel}","templated":true}]}}