{"id":10388,"date":"2026-01-10T16:18:24","date_gmt":"2026-01-10T19:18:24","guid":{"rendered":"https:\/\/portalraizesnoticias.com.br\/?p=10388"},"modified":"2026-01-10T17:05:27","modified_gmt":"2026-01-10T20:05:27","slug":"opiniao-por-tras-da-farda-havia-um-pai-a-morte-que-nao-atinge-apenas-um-policial-a-sociedade-precisa-ficar-em-alerta-leia-mais","status":"publish","type":"post","link":"https:\/\/portalraizesnoticias.com.br\/?p=10388","title":{"rendered":"OPINI\u00c3O: Por tr\u00e1s da farda havia um pai: a morte que n\u00e3o atinge apenas um policial. A sociedade precisa ficar em alerta. Leia mais!"},"content":{"rendered":"<p><strong>Talvez voc\u00ea nem leia este texto at\u00e9 o fim. Mas, muito provavelmente, se o assunto fosse um suposto \u201cerro\u201d cometido por um policial militar, haveria disposi\u00e7\u00e3o para ler cada linha e, quem sabe, ainda acrescentar supostos julgamentos e acusa\u00e7\u00f5es.<\/strong><\/p>\n<p>Hoje, por\u00e9m, o texto \u00e9 sobre a morte precoce do policial militar Eduardo C\u00e9zar do Nascimento Filho, lotado no 16\u00b0 Batalh\u00e3o de Pol\u00edcia Militar<\/p>\n<p><strong>Leia tamb\u00e9m:\u00a0<\/strong><a href=\"https:\/\/portalraizesnoticias.com.br\/perseguicao-a-carro-roubado-termina-em-troca-de-tiros-em-santaluz-suspeito-morre-e-policial-militar-fica-ferido\/\">Persegui\u00e7\u00e3o a carro roubado termina em troca de tiros em Santaluz; suspeito morre e policial militar fica ferido<\/a><\/p>\n<p><a href=\"https:\/\/portalraizesnoticias.com.br\/morre-pm-baleado-apos-perseguicao-a-carro-roubado-em-santaluz\/\">Morre PM baleado ap\u00f3s persegui\u00e7\u00e3o a carro roubado em Santaluz<\/a><\/p>\n<p><em>Em um dia que parecia como tantos outros de servi\u00e7o \u00e0 popula\u00e7\u00e3o, Eduardo saiu de casa e n\u00e3o retornou. N\u00e3o voltou para os bra\u00e7os da fam\u00edlia. N\u00e3o voltou, principalmente, para sua filha de apenas tr\u00eas anos, que agora cresce sem o pai, v\u00edtima da viol\u00eancia provocada por criminosos.<\/em><\/p>\n<p><img fetchpriority=\"high\" decoding=\"async\" class=\"size-medium wp-image-10375 aligncenter\" src=\"https:\/\/portalraizesnoticias.com.br\/wp-content\/uploads\/2026\/01\/1768043296_WhatsApp_Image_2026-01-10_at_08.07.44_img_slider_principal-1-300x175.jpg\" alt=\"\" width=\"300\" height=\"175\" srcset=\"https:\/\/portalraizesnoticias.com.br\/wp-content\/uploads\/2026\/01\/1768043296_WhatsApp_Image_2026-01-10_at_08.07.44_img_slider_principal-1-300x175.jpg 300w, https:\/\/portalraizesnoticias.com.br\/wp-content\/uploads\/2026\/01\/1768043296_WhatsApp_Image_2026-01-10_at_08.07.44_img_slider_principal-1-768x448.jpg 768w, https:\/\/portalraizesnoticias.com.br\/wp-content\/uploads\/2026\/01\/1768043296_WhatsApp_Image_2026-01-10_at_08.07.44_img_slider_principal-1.jpg 787w\" sizes=\"(max-width: 300px) 100vw, 300px\" \/><\/p>\n<p><em>Sim, criminosos!\u00a0 Indiv\u00edduos que haviam roubado um ve\u00edculo e que, ao serem interceptados durante a a\u00e7\u00e3o policial, reagiram. Na tentativa de capturar os meliantes, o soldado foi atingido por um disparo fatal: um tiro na panturrilha que atingiu a veia femoral, ceifando sua vida.<\/em><\/p>\n<p><em>\u00c9 um caso profundamente doloroso, que nos obriga a refletir e a valorizar ainda mais o trabalho desses verdadeiros guerreiros da seguran\u00e7a p\u00fablica.<\/em><\/p>\n<p><strong><em>Eu, Rafaela Rodrigues, vivo, convivo e trabalho diretamente com o setor policial e posso afirmar: por tr\u00e1s de cada farda h\u00e1 um ser humano. Muitos policiais saem para o servi\u00e7o carregando problemas pessoais, familiares, emocionais, como qualquer cidad\u00e3o.<\/em><\/strong><\/p>\n<p><em>Ainda assim, deixam tudo isso de lado para proteger, socorrer e servir a sociedade, muitas vezes colocando a pr\u00f3pria vida em risco.<\/em><\/p>\n<p><em>Ser policial militar vai muito al\u00e9m da patente ou da fun\u00e7\u00e3o exercida. Existe um pai, um filho, um marido, algu\u00e9m que acorda todos os dias com um \u00fanico objetivo: proteger a popula\u00e7\u00e3o e retornar em seguran\u00e7a para casa, para junto de quem ama.<\/em><\/p>\n<p><em>A viol\u00eancia que tirou a vida de Eduardo n\u00e3o atingiu apenas um profissional da seguran\u00e7a p\u00fablica. Atingiu uma fam\u00edlia inteira, amigos, colegas de farda e uma sociedade que, infelizmente, muitas vezes s\u00f3 reconhece o valor desses profissionais quando uma trag\u00e9dia acontece.<\/em><\/p>\n<p><em>Esse fato triste e devastador precisa servir como alerta e reflex\u00e3o coletiva. <strong>\u00c9 urgente repensar discursos de \u00f3dio, generaliza\u00e7\u00f5es injustas e a banaliza\u00e7\u00e3o da viol\u00eancia contra aqueles que dedicam suas vidas \u00e0 prote\u00e7\u00e3o do pr\u00f3ximo.<\/strong><\/em><\/p>\n<p><em>Respeitar o trabalho da Pol\u00edcia Militar \u00e9, acima de tudo, respeitar a vida.<\/em><\/p>\n<p><em>Que a mem\u00f3ria do soldado Eduardo C\u00e9zar do Nascimento Filho n\u00e3o seja lembrada apenas pela trag\u00e9dia, mas como s\u00edmbolo do sacrif\u00edcio silencioso de milhares de policiais que, diariamente, saem de casa sem a certeza do retorno, para que a sociedade possa viver com mais seguran\u00e7a.<\/em><\/p>\n<p><em>Que possamos, por muito tempo, n\u00e3o precisar ler ou ouvir novas notas de pesar ou textos opinativo como este.<\/em><\/p>\n<p><em>Nossas condol\u00eancias!\u00a0<\/em><\/p>\n<p><em>Por Rafaela Rodrigues, jornalista e radialista\u00a0<\/em><\/p>\n<p><em>Foto: Reprodu\u00e7\u00e3o\u00a0<\/em><\/p>\n","protected":false},"excerpt":{"rendered":"<p>Talvez voc\u00ea nem leia este texto at\u00e9 o fim. Mas, muito provavelmente, se o assunto fosse um suposto \u201cerro\u201d cometido por um policial militar, haveria disposi\u00e7\u00e3o para ler cada linha e, quem sabe, ainda acrescentar supostos julgamentos e acusa\u00e7\u00f5es. Hoje, por\u00e9m, o texto \u00e9 sobre a morte precoce do policial militar Eduardo C\u00e9zar do Nascimento Filho, lotado no 16\u00b0 Batalh\u00e3o de Pol\u00edcia Militar Leia tamb\u00e9m:\u00a0Persegui\u00e7\u00e3o a carro roubado termina em troca de tiros em Santaluz; suspeito morre e policial militar fica ferido Morre PM baleado ap\u00f3s persegui\u00e7\u00e3o a carro roubado em Santaluz Em um dia que parecia como tantos outros de servi\u00e7o \u00e0 popula\u00e7\u00e3o, Eduardo saiu de casa e n\u00e3o retornou. N\u00e3o voltou para os bra\u00e7os da fam\u00edlia. N\u00e3o voltou, principalmente, para sua filha de apenas tr\u00eas anos, que agora cresce sem o pai, v\u00edtima da viol\u00eancia provocada por criminosos. Sim, criminosos!\u00a0 Indiv\u00edduos que haviam roubado um ve\u00edculo e que, ao serem interceptados durante a a\u00e7\u00e3o policial, reagiram. Na tentativa de capturar os meliantes, o soldado foi atingido por um disparo fatal: um tiro na panturrilha que atingiu a veia femoral, ceifando sua vida. \u00c9 um caso profundamente doloroso, que nos obriga a refletir e a valorizar ainda mais o trabalho desses verdadeiros guerreiros da seguran\u00e7a p\u00fablica. Eu, Rafaela Rodrigues, vivo, convivo e trabalho diretamente com o setor policial e posso afirmar: por tr\u00e1s de cada farda h\u00e1 um ser humano. Muitos policiais saem para o servi\u00e7o carregando problemas pessoais, familiares, emocionais, como qualquer cidad\u00e3o. Ainda assim, deixam tudo isso de lado para proteger, socorrer e servir a sociedade, muitas vezes colocando a pr\u00f3pria vida em risco. Ser policial militar vai muito al\u00e9m da patente ou da fun\u00e7\u00e3o exercida. Existe um pai, um filho, um marido, algu\u00e9m que acorda todos os dias com um \u00fanico objetivo: proteger a popula\u00e7\u00e3o e retornar em seguran\u00e7a para casa, para junto de quem ama. A viol\u00eancia que tirou a vida de Eduardo n\u00e3o atingiu apenas um profissional da seguran\u00e7a p\u00fablica. Atingiu uma fam\u00edlia inteira, amigos, colegas de farda e uma sociedade que, infelizmente, muitas vezes s\u00f3 reconhece o valor desses profissionais quando uma trag\u00e9dia acontece. Esse fato triste e devastador precisa servir como alerta e reflex\u00e3o coletiva. \u00c9 urgente repensar discursos de \u00f3dio, generaliza\u00e7\u00f5es injustas e a banaliza\u00e7\u00e3o da viol\u00eancia contra aqueles que dedicam suas vidas \u00e0 prote\u00e7\u00e3o do pr\u00f3ximo. Respeitar o trabalho da Pol\u00edcia Militar \u00e9, acima de tudo, respeitar a vida. Que a mem\u00f3ria do soldado Eduardo C\u00e9zar do Nascimento Filho n\u00e3o seja lembrada apenas pela trag\u00e9dia, mas como s\u00edmbolo do sacrif\u00edcio silencioso de milhares de policiais que, diariamente, saem de casa sem a certeza do retorno, para que a sociedade possa viver com mais seguran\u00e7a. Que possamos, por muito tempo, n\u00e3o precisar ler ou ouvir novas notas de pesar ou textos opinativo como este. Nossas condol\u00eancias!\u00a0 Por Rafaela Rodrigues, jornalista e radialista\u00a0 Foto: Reprodu\u00e7\u00e3o\u00a0<\/p>\n","protected":false},"author":3,"featured_media":10393,"comment_status":"open","ping_status":"open","sticky":false,"template":"","format":"standard","meta":{"_joinchat":[],"footnotes":""},"categories":[55,67,59],"tags":[],"class_list":["post-10388","post","type-post","status-publish","format-standard","has-post-thumbnail","hentry","category-destaques","category-policia","category-ultimas-noticias"],"yoast_head":"<!-- This site is optimized with the Yoast SEO plugin v24.4 - https:\/\/yoast.com\/wordpress\/plugins\/seo\/ -->\n<title>OPINI\u00c3O: Por tr\u00e1s da farda havia um pai: a morte que n\u00e3o atinge apenas um policial. A sociedade precisa ficar em alerta. Leia mais! - Portal raizes noticias<\/title>\n<meta name=\"robots\" content=\"index, follow, max-snippet:-1, max-image-preview:large, max-video-preview:-1\" \/>\n<link rel=\"canonical\" href=\"https:\/\/portalraizesnoticias.com.br\/?p=10388\" \/>\n<meta property=\"og:locale\" content=\"pt_BR\" \/>\n<meta property=\"og:type\" content=\"article\" \/>\n<meta property=\"og:title\" content=\"OPINI\u00c3O: Por tr\u00e1s da farda havia um pai: a morte que n\u00e3o atinge apenas um policial. A sociedade precisa ficar em alerta. Leia mais! - Portal raizes noticias\" \/>\n<meta property=\"og:description\" content=\"Talvez voc\u00ea nem leia este texto at\u00e9 o fim. Mas, muito provavelmente, se o assunto fosse um suposto \u201cerro\u201d cometido por um policial militar, haveria disposi\u00e7\u00e3o para ler cada linha e, quem sabe, ainda acrescentar supostos julgamentos e acusa\u00e7\u00f5es. Hoje, por\u00e9m, o texto \u00e9 sobre a morte precoce do policial militar Eduardo C\u00e9zar do Nascimento Filho, lotado no 16\u00b0 Batalh\u00e3o de Pol\u00edcia Militar Leia tamb\u00e9m:\u00a0Persegui\u00e7\u00e3o a carro roubado termina em troca de tiros em Santaluz; suspeito morre e policial militar fica ferido Morre PM baleado ap\u00f3s persegui\u00e7\u00e3o a carro roubado em Santaluz Em um dia que parecia como tantos outros de servi\u00e7o \u00e0 popula\u00e7\u00e3o, Eduardo saiu de casa e n\u00e3o retornou. N\u00e3o voltou para os bra\u00e7os da fam\u00edlia. N\u00e3o voltou, principalmente, para sua filha de apenas tr\u00eas anos, que agora cresce sem o pai, v\u00edtima da viol\u00eancia provocada por criminosos. Sim, criminosos!\u00a0 Indiv\u00edduos que haviam roubado um ve\u00edculo e que, ao serem interceptados durante a a\u00e7\u00e3o policial, reagiram. Na tentativa de capturar os meliantes, o soldado foi atingido por um disparo fatal: um tiro na panturrilha que atingiu a veia femoral, ceifando sua vida. \u00c9 um caso profundamente doloroso, que nos obriga a refletir e a valorizar ainda mais o trabalho desses verdadeiros guerreiros da seguran\u00e7a p\u00fablica. Eu, Rafaela Rodrigues, vivo, convivo e trabalho diretamente com o setor policial e posso afirmar: por tr\u00e1s de cada farda h\u00e1 um ser humano. Muitos policiais saem para o servi\u00e7o carregando problemas pessoais, familiares, emocionais, como qualquer cidad\u00e3o. Ainda assim, deixam tudo isso de lado para proteger, socorrer e servir a sociedade, muitas vezes colocando a pr\u00f3pria vida em risco. Ser policial militar vai muito al\u00e9m da patente ou da fun\u00e7\u00e3o exercida. Existe um pai, um filho, um marido, algu\u00e9m que acorda todos os dias com um \u00fanico objetivo: proteger a popula\u00e7\u00e3o e retornar em seguran\u00e7a para casa, para junto de quem ama. A viol\u00eancia que tirou a vida de Eduardo n\u00e3o atingiu apenas um profissional da seguran\u00e7a p\u00fablica. Atingiu uma fam\u00edlia inteira, amigos, colegas de farda e uma sociedade que, infelizmente, muitas vezes s\u00f3 reconhece o valor desses profissionais quando uma trag\u00e9dia acontece. Esse fato triste e devastador precisa servir como alerta e reflex\u00e3o coletiva. \u00c9 urgente repensar discursos de \u00f3dio, generaliza\u00e7\u00f5es injustas e a banaliza\u00e7\u00e3o da viol\u00eancia contra aqueles que dedicam suas vidas \u00e0 prote\u00e7\u00e3o do pr\u00f3ximo. Respeitar o trabalho da Pol\u00edcia Militar \u00e9, acima de tudo, respeitar a vida. Que a mem\u00f3ria do soldado Eduardo C\u00e9zar do Nascimento Filho n\u00e3o seja lembrada apenas pela trag\u00e9dia, mas como s\u00edmbolo do sacrif\u00edcio silencioso de milhares de policiais que, diariamente, saem de casa sem a certeza do retorno, para que a sociedade possa viver com mais seguran\u00e7a. Que possamos, por muito tempo, n\u00e3o precisar ler ou ouvir novas notas de pesar ou textos opinativo como este. Nossas condol\u00eancias!\u00a0 Por Rafaela Rodrigues, jornalista e radialista\u00a0 Foto: Reprodu\u00e7\u00e3o\u00a0\" \/>\n<meta property=\"og:url\" content=\"https:\/\/portalraizesnoticias.com.br\/?p=10388\" \/>\n<meta property=\"og:site_name\" content=\"Portal raizes noticias\" \/>\n<meta property=\"article:published_time\" content=\"2026-01-10T19:18:24+00:00\" \/>\n<meta property=\"article:modified_time\" content=\"2026-01-10T20:05:27+00:00\" \/>\n<meta property=\"og:image\" content=\"https:\/\/portalraizesnoticias.com.br\/wp-content\/uploads\/2026\/01\/IMG-20260110-WA0400.jpg\" \/>\n\t<meta property=\"og:image:width\" content=\"1600\" \/>\n\t<meta property=\"og:image:height\" content=\"1360\" \/>\n\t<meta property=\"og:image:type\" content=\"image\/jpeg\" \/>\n<meta name=\"author\" content=\"Portal Raizes\" \/>\n<meta name=\"twitter:card\" content=\"summary_large_image\" \/>\n<meta name=\"twitter:label1\" content=\"Escrito por\" \/>\n\t<meta name=\"twitter:data1\" content=\"Portal Raizes\" \/>\n\t<meta name=\"twitter:label2\" content=\"Est. tempo de leitura\" \/>\n\t<meta name=\"twitter:data2\" content=\"4 minutos\" \/>\n<script type=\"application\/ld+json\" class=\"yoast-schema-graph\">{\"@context\":\"https:\/\/schema.org\",\"@graph\":[{\"@type\":\"Article\",\"@id\":\"https:\/\/portalraizesnoticias.com.br\/?p=10388#article\",\"isPartOf\":{\"@id\":\"https:\/\/portalraizesnoticias.com.br\/?p=10388\"},\"author\":{\"name\":\"Portal Raizes\",\"@id\":\"https:\/\/portalraizesnoticias.com.br\/#\/schema\/person\/a3ca6b0fc701e78df19756c417d943ae\"},\"headline\":\"OPINI\u00c3O: Por tr\u00e1s da farda havia um pai: a morte que n\u00e3o atinge apenas um policial. A sociedade precisa ficar em alerta. Leia mais!\",\"datePublished\":\"2026-01-10T19:18:24+00:00\",\"dateModified\":\"2026-01-10T20:05:27+00:00\",\"mainEntityOfPage\":{\"@id\":\"https:\/\/portalraizesnoticias.com.br\/?p=10388\"},\"wordCount\":551,\"commentCount\":1,\"publisher\":{\"@id\":\"https:\/\/portalraizesnoticias.com.br\/#organization\"},\"image\":{\"@id\":\"https:\/\/portalraizesnoticias.com.br\/?p=10388#primaryimage\"},\"thumbnailUrl\":\"https:\/\/portalraizesnoticias.com.br\/wp-content\/uploads\/2026\/01\/IMG-20260110-WA0400.jpg\",\"articleSection\":[\"DESTAQUES\",\"POLICIA\",\"ULTIMAS NOTICIAS\"],\"inLanguage\":\"pt-BR\",\"potentialAction\":[{\"@type\":\"CommentAction\",\"name\":\"Comment\",\"target\":[\"https:\/\/portalraizesnoticias.com.br\/?p=10388#respond\"]}]},{\"@type\":\"WebPage\",\"@id\":\"https:\/\/portalraizesnoticias.com.br\/?p=10388\",\"url\":\"https:\/\/portalraizesnoticias.com.br\/?p=10388\",\"name\":\"OPINI\u00c3O: Por tr\u00e1s da farda havia um pai: a morte que n\u00e3o atinge apenas um policial. A sociedade precisa ficar em alerta. Leia mais! - Portal raizes noticias\",\"isPartOf\":{\"@id\":\"https:\/\/portalraizesnoticias.com.br\/#website\"},\"primaryImageOfPage\":{\"@id\":\"https:\/\/portalraizesnoticias.com.br\/?p=10388#primaryimage\"},\"image\":{\"@id\":\"https:\/\/portalraizesnoticias.com.br\/?p=10388#primaryimage\"},\"thumbnailUrl\":\"https:\/\/portalraizesnoticias.com.br\/wp-content\/uploads\/2026\/01\/IMG-20260110-WA0400.jpg\",\"datePublished\":\"2026-01-10T19:18:24+00:00\",\"dateModified\":\"2026-01-10T20:05:27+00:00\",\"breadcrumb\":{\"@id\":\"https:\/\/portalraizesnoticias.com.br\/?p=10388#breadcrumb\"},\"inLanguage\":\"pt-BR\",\"potentialAction\":[{\"@type\":\"ReadAction\",\"target\":[\"https:\/\/portalraizesnoticias.com.br\/?p=10388\"]}]},{\"@type\":\"ImageObject\",\"inLanguage\":\"pt-BR\",\"@id\":\"https:\/\/portalraizesnoticias.com.br\/?p=10388#primaryimage\",\"url\":\"https:\/\/portalraizesnoticias.com.br\/wp-content\/uploads\/2026\/01\/IMG-20260110-WA0400.jpg\",\"contentUrl\":\"https:\/\/portalraizesnoticias.com.br\/wp-content\/uploads\/2026\/01\/IMG-20260110-WA0400.jpg\",\"width\":1600,\"height\":1360},{\"@type\":\"BreadcrumbList\",\"@id\":\"https:\/\/portalraizesnoticias.com.br\/?p=10388#breadcrumb\",\"itemListElement\":[{\"@type\":\"ListItem\",\"position\":1,\"name\":\"In\u00edcio\",\"item\":\"https:\/\/portalraizesnoticias.com.br\/\"},{\"@type\":\"ListItem\",\"position\":2,\"name\":\"OPINI\u00c3O: Por tr\u00e1s da farda havia um pai: a morte que n\u00e3o atinge apenas um policial. A sociedade precisa ficar em alerta. Leia mais!\"}]},{\"@type\":\"WebSite\",\"@id\":\"https:\/\/portalraizesnoticias.com.br\/#website\",\"url\":\"https:\/\/portalraizesnoticias.com.br\/\",\"name\":\"Portal raizes NOTICIAS\",\"description\":\"site de noticias de concei\u00e7\u00e3o do coit\u00e9 e regi\u00e3o\",\"publisher\":{\"@id\":\"https:\/\/portalraizesnoticias.com.br\/#organization\"},\"alternateName\":\"PORTAL RAIZES COIT\u00c9\",\"potentialAction\":[{\"@type\":\"SearchAction\",\"target\":{\"@type\":\"EntryPoint\",\"urlTemplate\":\"https:\/\/portalraizesnoticias.com.br\/?s={search_term_string}\"},\"query-input\":{\"@type\":\"PropertyValueSpecification\",\"valueRequired\":true,\"valueName\":\"search_term_string\"}}],\"inLanguage\":\"pt-BR\"},{\"@type\":\"Organization\",\"@id\":\"https:\/\/portalraizesnoticias.com.br\/#organization\",\"name\":\"Portal raizes NOTICIAS\",\"url\":\"https:\/\/portalraizesnoticias.com.br\/\",\"logo\":{\"@type\":\"ImageObject\",\"inLanguage\":\"pt-BR\",\"@id\":\"https:\/\/portalraizesnoticias.com.br\/#\/schema\/logo\/image\/\",\"url\":\"https:\/\/portalraizesnoticias.com.br\/wp-content\/uploads\/2024\/09\/cropped-Captura-de-tela-2024-09-08-011108.png\",\"contentUrl\":\"https:\/\/portalraizesnoticias.com.br\/wp-content\/uploads\/2024\/09\/cropped-Captura-de-tela-2024-09-08-011108.png\",\"width\":606,\"height\":173,\"caption\":\"Portal raizes NOTICIAS\"},\"image\":{\"@id\":\"https:\/\/portalraizesnoticias.com.br\/#\/schema\/logo\/image\/\"}},{\"@type\":\"Person\",\"@id\":\"https:\/\/portalraizesnoticias.com.br\/#\/schema\/person\/a3ca6b0fc701e78df19756c417d943ae\",\"name\":\"Portal Raizes\",\"image\":{\"@type\":\"ImageObject\",\"inLanguage\":\"pt-BR\",\"@id\":\"https:\/\/portalraizesnoticias.com.br\/#\/schema\/person\/image\/\",\"url\":\"https:\/\/secure.gravatar.com\/avatar\/ef450d29013a3d3fba867a12a249d7b1?s=96&d=mm&r=g\",\"contentUrl\":\"https:\/\/secure.gravatar.com\/avatar\/ef450d29013a3d3fba867a12a249d7b1?s=96&d=mm&r=g\",\"caption\":\"Portal Raizes\"},\"url\":\"https:\/\/portalraizesnoticias.com.br\/?author=3\"}]}<\/script>\n<!-- \/ Yoast SEO plugin. -->","yoast_head_json":{"title":"OPINI\u00c3O: Por tr\u00e1s da farda havia um pai: a morte que n\u00e3o atinge apenas um policial. A sociedade precisa ficar em alerta. Leia mais! - Portal raizes noticias","robots":{"index":"index","follow":"follow","max-snippet":"max-snippet:-1","max-image-preview":"max-image-preview:large","max-video-preview":"max-video-preview:-1"},"canonical":"https:\/\/portalraizesnoticias.com.br\/?p=10388","og_locale":"pt_BR","og_type":"article","og_title":"OPINI\u00c3O: Por tr\u00e1s da farda havia um pai: a morte que n\u00e3o atinge apenas um policial. A sociedade precisa ficar em alerta. Leia mais! - Portal raizes noticias","og_description":"Talvez voc\u00ea nem leia este texto at\u00e9 o fim. Mas, muito provavelmente, se o assunto fosse um suposto \u201cerro\u201d cometido por um policial militar, haveria disposi\u00e7\u00e3o para ler cada linha e, quem sabe, ainda acrescentar supostos julgamentos e acusa\u00e7\u00f5es. Hoje, por\u00e9m, o texto \u00e9 sobre a morte precoce do policial militar Eduardo C\u00e9zar do Nascimento Filho, lotado no 16\u00b0 Batalh\u00e3o de Pol\u00edcia Militar Leia tamb\u00e9m:\u00a0Persegui\u00e7\u00e3o a carro roubado termina em troca de tiros em Santaluz; suspeito morre e policial militar fica ferido Morre PM baleado ap\u00f3s persegui\u00e7\u00e3o a carro roubado em Santaluz Em um dia que parecia como tantos outros de servi\u00e7o \u00e0 popula\u00e7\u00e3o, Eduardo saiu de casa e n\u00e3o retornou. N\u00e3o voltou para os bra\u00e7os da fam\u00edlia. N\u00e3o voltou, principalmente, para sua filha de apenas tr\u00eas anos, que agora cresce sem o pai, v\u00edtima da viol\u00eancia provocada por criminosos. Sim, criminosos!\u00a0 Indiv\u00edduos que haviam roubado um ve\u00edculo e que, ao serem interceptados durante a a\u00e7\u00e3o policial, reagiram. Na tentativa de capturar os meliantes, o soldado foi atingido por um disparo fatal: um tiro na panturrilha que atingiu a veia femoral, ceifando sua vida. \u00c9 um caso profundamente doloroso, que nos obriga a refletir e a valorizar ainda mais o trabalho desses verdadeiros guerreiros da seguran\u00e7a p\u00fablica. Eu, Rafaela Rodrigues, vivo, convivo e trabalho diretamente com o setor policial e posso afirmar: por tr\u00e1s de cada farda h\u00e1 um ser humano. Muitos policiais saem para o servi\u00e7o carregando problemas pessoais, familiares, emocionais, como qualquer cidad\u00e3o. Ainda assim, deixam tudo isso de lado para proteger, socorrer e servir a sociedade, muitas vezes colocando a pr\u00f3pria vida em risco. Ser policial militar vai muito al\u00e9m da patente ou da fun\u00e7\u00e3o exercida. Existe um pai, um filho, um marido, algu\u00e9m que acorda todos os dias com um \u00fanico objetivo: proteger a popula\u00e7\u00e3o e retornar em seguran\u00e7a para casa, para junto de quem ama. A viol\u00eancia que tirou a vida de Eduardo n\u00e3o atingiu apenas um profissional da seguran\u00e7a p\u00fablica. Atingiu uma fam\u00edlia inteira, amigos, colegas de farda e uma sociedade que, infelizmente, muitas vezes s\u00f3 reconhece o valor desses profissionais quando uma trag\u00e9dia acontece. Esse fato triste e devastador precisa servir como alerta e reflex\u00e3o coletiva. \u00c9 urgente repensar discursos de \u00f3dio, generaliza\u00e7\u00f5es injustas e a banaliza\u00e7\u00e3o da viol\u00eancia contra aqueles que dedicam suas vidas \u00e0 prote\u00e7\u00e3o do pr\u00f3ximo. Respeitar o trabalho da Pol\u00edcia Militar \u00e9, acima de tudo, respeitar a vida. Que a mem\u00f3ria do soldado Eduardo C\u00e9zar do Nascimento Filho n\u00e3o seja lembrada apenas pela trag\u00e9dia, mas como s\u00edmbolo do sacrif\u00edcio silencioso de milhares de policiais que, diariamente, saem de casa sem a certeza do retorno, para que a sociedade possa viver com mais seguran\u00e7a. Que possamos, por muito tempo, n\u00e3o precisar ler ou ouvir novas notas de pesar ou textos opinativo como este. Nossas condol\u00eancias!\u00a0 Por Rafaela Rodrigues, jornalista e radialista\u00a0 Foto: Reprodu\u00e7\u00e3o\u00a0","og_url":"https:\/\/portalraizesnoticias.com.br\/?p=10388","og_site_name":"Portal raizes noticias","article_published_time":"2026-01-10T19:18:24+00:00","article_modified_time":"2026-01-10T20:05:27+00:00","og_image":[{"width":1600,"height":1360,"url":"https:\/\/portalraizesnoticias.com.br\/wp-content\/uploads\/2026\/01\/IMG-20260110-WA0400.jpg","type":"image\/jpeg"}],"author":"Portal Raizes","twitter_card":"summary_large_image","twitter_misc":{"Escrito por":"Portal Raizes","Est. tempo de leitura":"4 minutos"},"schema":{"@context":"https:\/\/schema.org","@graph":[{"@type":"Article","@id":"https:\/\/portalraizesnoticias.com.br\/?p=10388#article","isPartOf":{"@id":"https:\/\/portalraizesnoticias.com.br\/?p=10388"},"author":{"name":"Portal Raizes","@id":"https:\/\/portalraizesnoticias.com.br\/#\/schema\/person\/a3ca6b0fc701e78df19756c417d943ae"},"headline":"OPINI\u00c3O: Por tr\u00e1s da farda havia um pai: a morte que n\u00e3o atinge apenas um policial. A sociedade precisa ficar em alerta. Leia mais!","datePublished":"2026-01-10T19:18:24+00:00","dateModified":"2026-01-10T20:05:27+00:00","mainEntityOfPage":{"@id":"https:\/\/portalraizesnoticias.com.br\/?p=10388"},"wordCount":551,"commentCount":1,"publisher":{"@id":"https:\/\/portalraizesnoticias.com.br\/#organization"},"image":{"@id":"https:\/\/portalraizesnoticias.com.br\/?p=10388#primaryimage"},"thumbnailUrl":"https:\/\/portalraizesnoticias.com.br\/wp-content\/uploads\/2026\/01\/IMG-20260110-WA0400.jpg","articleSection":["DESTAQUES","POLICIA","ULTIMAS NOTICIAS"],"inLanguage":"pt-BR","potentialAction":[{"@type":"CommentAction","name":"Comment","target":["https:\/\/portalraizesnoticias.com.br\/?p=10388#respond"]}]},{"@type":"WebPage","@id":"https:\/\/portalraizesnoticias.com.br\/?p=10388","url":"https:\/\/portalraizesnoticias.com.br\/?p=10388","name":"OPINI\u00c3O: Por tr\u00e1s da farda havia um pai: a morte que n\u00e3o atinge apenas um policial. A sociedade precisa ficar em alerta. Leia mais! - Portal raizes noticias","isPartOf":{"@id":"https:\/\/portalraizesnoticias.com.br\/#website"},"primaryImageOfPage":{"@id":"https:\/\/portalraizesnoticias.com.br\/?p=10388#primaryimage"},"image":{"@id":"https:\/\/portalraizesnoticias.com.br\/?p=10388#primaryimage"},"thumbnailUrl":"https:\/\/portalraizesnoticias.com.br\/wp-content\/uploads\/2026\/01\/IMG-20260110-WA0400.jpg","datePublished":"2026-01-10T19:18:24+00:00","dateModified":"2026-01-10T20:05:27+00:00","breadcrumb":{"@id":"https:\/\/portalraizesnoticias.com.br\/?p=10388#breadcrumb"},"inLanguage":"pt-BR","potentialAction":[{"@type":"ReadAction","target":["https:\/\/portalraizesnoticias.com.br\/?p=10388"]}]},{"@type":"ImageObject","inLanguage":"pt-BR","@id":"https:\/\/portalraizesnoticias.com.br\/?p=10388#primaryimage","url":"https:\/\/portalraizesnoticias.com.br\/wp-content\/uploads\/2026\/01\/IMG-20260110-WA0400.jpg","contentUrl":"https:\/\/portalraizesnoticias.com.br\/wp-content\/uploads\/2026\/01\/IMG-20260110-WA0400.jpg","width":1600,"height":1360},{"@type":"BreadcrumbList","@id":"https:\/\/portalraizesnoticias.com.br\/?p=10388#breadcrumb","itemListElement":[{"@type":"ListItem","position":1,"name":"In\u00edcio","item":"https:\/\/portalraizesnoticias.com.br\/"},{"@type":"ListItem","position":2,"name":"OPINI\u00c3O: Por tr\u00e1s da farda havia um pai: a morte que n\u00e3o atinge apenas um policial. A sociedade precisa ficar em alerta. Leia mais!"}]},{"@type":"WebSite","@id":"https:\/\/portalraizesnoticias.com.br\/#website","url":"https:\/\/portalraizesnoticias.com.br\/","name":"Portal raizes NOTICIAS","description":"site de noticias de concei\u00e7\u00e3o do coit\u00e9 e regi\u00e3o","publisher":{"@id":"https:\/\/portalraizesnoticias.com.br\/#organization"},"alternateName":"PORTAL RAIZES COIT\u00c9","potentialAction":[{"@type":"SearchAction","target":{"@type":"EntryPoint","urlTemplate":"https:\/\/portalraizesnoticias.com.br\/?s={search_term_string}"},"query-input":{"@type":"PropertyValueSpecification","valueRequired":true,"valueName":"search_term_string"}}],"inLanguage":"pt-BR"},{"@type":"Organization","@id":"https:\/\/portalraizesnoticias.com.br\/#organization","name":"Portal raizes NOTICIAS","url":"https:\/\/portalraizesnoticias.com.br\/","logo":{"@type":"ImageObject","inLanguage":"pt-BR","@id":"https:\/\/portalraizesnoticias.com.br\/#\/schema\/logo\/image\/","url":"https:\/\/portalraizesnoticias.com.br\/wp-content\/uploads\/2024\/09\/cropped-Captura-de-tela-2024-09-08-011108.png","contentUrl":"https:\/\/portalraizesnoticias.com.br\/wp-content\/uploads\/2024\/09\/cropped-Captura-de-tela-2024-09-08-011108.png","width":606,"height":173,"caption":"Portal raizes NOTICIAS"},"image":{"@id":"https:\/\/portalraizesnoticias.com.br\/#\/schema\/logo\/image\/"}},{"@type":"Person","@id":"https:\/\/portalraizesnoticias.com.br\/#\/schema\/person\/a3ca6b0fc701e78df19756c417d943ae","name":"Portal Raizes","image":{"@type":"ImageObject","inLanguage":"pt-BR","@id":"https:\/\/portalraizesnoticias.com.br\/#\/schema\/person\/image\/","url":"https:\/\/secure.gravatar.com\/avatar\/ef450d29013a3d3fba867a12a249d7b1?s=96&d=mm&r=g","contentUrl":"https:\/\/secure.gravatar.com\/avatar\/ef450d29013a3d3fba867a12a249d7b1?s=96&d=mm&r=g","caption":"Portal Raizes"},"url":"https:\/\/portalraizesnoticias.com.br\/?author=3"}]}},"_links":{"self":[{"href":"https:\/\/portalraizesnoticias.com.br\/index.php?rest_route=\/wp\/v2\/posts\/10388"}],"collection":[{"href":"https:\/\/portalraizesnoticias.com.br\/index.php?rest_route=\/wp\/v2\/posts"}],"about":[{"href":"https:\/\/portalraizesnoticias.com.br\/index.php?rest_route=\/wp\/v2\/types\/post"}],"author":[{"embeddable":true,"href":"https:\/\/portalraizesnoticias.com.br\/index.php?rest_route=\/wp\/v2\/users\/3"}],"replies":[{"embeddable":true,"href":"https:\/\/portalraizesnoticias.com.br\/index.php?rest_route=%2Fwp%2Fv2%2Fcomments&post=10388"}],"version-history":[{"count":7,"href":"https:\/\/portalraizesnoticias.com.br\/index.php?rest_route=\/wp\/v2\/posts\/10388\/revisions"}],"predecessor-version":[{"id":10396,"href":"https:\/\/portalraizesnoticias.com.br\/index.php?rest_route=\/wp\/v2\/posts\/10388\/revisions\/10396"}],"wp:featuredmedia":[{"embeddable":true,"href":"https:\/\/portalraizesnoticias.com.br\/index.php?rest_route=\/wp\/v2\/media\/10393"}],"wp:attachment":[{"href":"https:\/\/portalraizesnoticias.com.br\/index.php?rest_route=%2Fwp%2Fv2%2Fmedia&parent=10388"}],"wp:term":[{"taxonomy":"category","embeddable":true,"href":"https:\/\/portalraizesnoticias.com.br\/index.php?rest_route=%2Fwp%2Fv2%2Fcategories&post=10388"},{"taxonomy":"post_tag","embeddable":true,"href":"https:\/\/portalraizesnoticias.com.br\/index.php?rest_route=%2Fwp%2Fv2%2Ftags&post=10388"}],"curies":[{"name":"wp","href":"https:\/\/api.w.org\/{rel}","templated":true}]}}