{"id":10242,"date":"2026-01-06T09:47:02","date_gmt":"2026-01-06T12:47:02","guid":{"rendered":"https:\/\/portalraizesnoticias.com.br\/?p=10242"},"modified":"2026-01-06T12:04:54","modified_gmt":"2026-01-06T15:04:54","slug":"video-mostra-momento-em-que-socorrista-e-atingido-por-facao-na-cabeca-em-conceicao-do-coite-confira","status":"publish","type":"post","link":"https:\/\/portalraizesnoticias.com.br\/?p=10242","title":{"rendered":"V\u00eddeo mostra momento em que socorrista \u00e9 atingido por fac\u00e3o na cabe\u00e7a em Concei\u00e7\u00e3o do Coit\u00e9. Confira!"},"content":{"rendered":"<p>Um v\u00eddeo que circula nas redes sociais mostra o momento exato em que um socorrista do \u00c1guia Resgate \u00e9 atingido por um golpe de fac\u00e3o na cabe\u00e7a, na manh\u00e3 desta ter\u00e7a-feira (06), no centro de Concei\u00e7\u00e3o do Coit\u00e9, nas proximidades do Mercado Municipal.<\/p>\n<p><strong>Leia tamb\u00e9m:\u00a0<\/strong><a href=\"https:\/\/portalraizesnoticias.com.br\/urgente-socorrista-do-aguia-resgate-e-ferido-com-golpe-de-facao-na-cabeca-no-centro-de-conceicao-do-coite-autor-e-suspeito-de-assediar-filha-da-vitima\/\">URGENTE: Socorrista do \u00c1guia Resgate \u00e9 ferido com golpe de fac\u00e3o na cabe\u00e7a no centro de Concei\u00e7\u00e3o do Coit\u00e9; autor \u00e9 suspeito de assediar filha da v\u00edtima<\/a><\/p>\n<p><img fetchpriority=\"high\" decoding=\"async\" class=\"size-medium wp-image-8289 aligncenter\" src=\"https:\/\/portalraizesnoticias.com.br\/wp-content\/uploads\/2025\/09\/IMG-20250918-WA0124-300x300.jpg\" alt=\"\" width=\"300\" height=\"300\" srcset=\"https:\/\/portalraizesnoticias.com.br\/wp-content\/uploads\/2025\/09\/IMG-20250918-WA0124-300x300.jpg 300w, https:\/\/portalraizesnoticias.com.br\/wp-content\/uploads\/2025\/09\/IMG-20250918-WA0124-150x150.jpg 150w, https:\/\/portalraizesnoticias.com.br\/wp-content\/uploads\/2025\/09\/IMG-20250918-WA0124-768x768.jpg 768w, https:\/\/portalraizesnoticias.com.br\/wp-content\/uploads\/2025\/09\/IMG-20250918-WA0124.jpg 1000w\" sizes=\"(max-width: 300px) 100vw, 300px\" \/><\/p>\n<p style=\"text-align: center;\"><strong>PUBLICIDADE<\/strong>\u00a0<\/p>\n<p>A v\u00edtima foi identificada como Evandro Evangelista, subcomandante do \u00c1guia Resgate e um dos volunt\u00e1rios mais atuantes da equipe, respons\u00e1vel por auxiliar centenas de pessoas no munic\u00edpio ao longo dos anos.<\/p>\n<p><img decoding=\"async\" class=\"size-medium wp-image-8006 aligncenter\" src=\"https:\/\/portalraizesnoticias.com.br\/wp-content\/uploads\/2025\/09\/IMG-20250902-WA0020-300x296.jpg\" alt=\"\" width=\"300\" height=\"296\" srcset=\"https:\/\/portalraizesnoticias.com.br\/wp-content\/uploads\/2025\/09\/IMG-20250902-WA0020-300x296.jpg 300w, https:\/\/portalraizesnoticias.com.br\/wp-content\/uploads\/2025\/09\/IMG-20250902-WA0020-1024x1009.jpg 1024w, https:\/\/portalraizesnoticias.com.br\/wp-content\/uploads\/2025\/09\/IMG-20250902-WA0020-768x757.jpg 768w, https:\/\/portalraizesnoticias.com.br\/wp-content\/uploads\/2025\/09\/IMG-20250902-WA0020.jpg 1080w\" sizes=\"(max-width: 300px) 100vw, 300px\" \/><\/p>\n<p style=\"text-align: center;\"><strong>PUBLICIDADE<\/strong>\u00a0<\/p>\n<p>Segundo informa\u00e7\u00f5es apuradas pelo Portal Ra\u00edzes, a agress\u00e3o teria ocorrido ap\u00f3s um desentendimento envolvendo o suspeito, que estaria sendo acusado de assediar a filha do socorrista, que \u00e0 \u00e9poca seria menor de idade. Ao se encontrar com o agressor na rua, houve uma discuss\u00e3o, momento em que o homem foi at\u00e9 o fundo de um ve\u00edculo, pegou um fac\u00e3o e desferiu o golpe contra Evandro.<\/p>\n<p>A Pol\u00edcia Militar prendeu em flagrante o autor da agress\u00e3o\u00a0<\/p>\n<p><strong>Confira o v\u00eddeo:<\/strong><\/p>\n<div style=\"width: 640px;\" class=\"wp-video\"><!--[if lt IE 9]><script>document.createElement('video');<\/script><![endif]-->\n<video class=\"wp-video-shortcode\" id=\"video-10242-1\" width=\"640\" height=\"480\" preload=\"metadata\" controls=\"controls\"><source type=\"video\/mp4\" src=\"https:\/\/portalraizesnoticias.com.br\/wp-content\/uploads\/2026\/01\/VID-20260106-WA0118.mp4?_=1\" \/><a href=\"https:\/\/portalraizesnoticias.com.br\/wp-content\/uploads\/2026\/01\/VID-20260106-WA0118.mp4\">https:\/\/portalraizesnoticias.com.br\/wp-content\/uploads\/2026\/01\/VID-20260106-WA0118.mp4<\/a><\/video><\/div>\n\n\n<p>Reda\u00e7\u00e3o <\/p>\n","protected":false},"excerpt":{"rendered":"<p>Um v\u00eddeo que circula nas redes sociais mostra o momento exato em que um socorrista do \u00c1guia Resgate \u00e9 atingido por um golpe de fac\u00e3o na cabe\u00e7a, na manh\u00e3 desta ter\u00e7a-feira (06), no centro de Concei\u00e7\u00e3o do Coit\u00e9, nas proximidades do Mercado Municipal. Leia tamb\u00e9m:\u00a0URGENTE: Socorrista do \u00c1guia Resgate \u00e9 ferido com golpe de fac\u00e3o na cabe\u00e7a no centro de Concei\u00e7\u00e3o do Coit\u00e9; autor \u00e9 suspeito de assediar filha da v\u00edtima PUBLICIDADE\u00a0 A v\u00edtima foi identificada como Evandro Evangelista, subcomandante do \u00c1guia Resgate e um dos volunt\u00e1rios mais atuantes da equipe, respons\u00e1vel por auxiliar centenas de pessoas no munic\u00edpio ao longo dos anos. PUBLICIDADE\u00a0 Segundo informa\u00e7\u00f5es apuradas pelo Portal Ra\u00edzes, a agress\u00e3o teria ocorrido ap\u00f3s um desentendimento envolvendo o suspeito, que estaria sendo acusado de assediar a filha do socorrista, que \u00e0 \u00e9poca seria menor de idade. Ao se encontrar com o agressor na rua, houve uma discuss\u00e3o, momento em que o homem foi at\u00e9 o fundo de um ve\u00edculo, pegou um fac\u00e3o e desferiu o golpe contra Evandro. A Pol\u00edcia Militar prendeu em flagrante o autor da agress\u00e3o\u00a0 Confira o v\u00eddeo: Reda\u00e7\u00e3o<\/p>\n","protected":false},"author":3,"featured_media":10245,"comment_status":"open","ping_status":"open","sticky":false,"template":"","format":"standard","meta":{"_joinchat":[],"footnotes":""},"categories":[55,67,59],"tags":[],"class_list":["post-10242","post","type-post","status-publish","format-standard","has-post-thumbnail","hentry","category-destaques","category-policia","category-ultimas-noticias"],"yoast_head":"<!-- This site is optimized with the Yoast SEO plugin v24.4 - https:\/\/yoast.com\/wordpress\/plugins\/seo\/ -->\n<title>V\u00eddeo mostra momento em que socorrista \u00e9 atingido por fac\u00e3o na cabe\u00e7a em Concei\u00e7\u00e3o do Coit\u00e9. Confira! - Portal raizes noticias<\/title>\n<meta name=\"robots\" content=\"index, follow, max-snippet:-1, max-image-preview:large, max-video-preview:-1\" \/>\n<link rel=\"canonical\" href=\"https:\/\/portalraizesnoticias.com.br\/?p=10242\" \/>\n<meta property=\"og:locale\" content=\"pt_BR\" \/>\n<meta property=\"og:type\" content=\"article\" \/>\n<meta property=\"og:title\" content=\"V\u00eddeo mostra momento em que socorrista \u00e9 atingido por fac\u00e3o na cabe\u00e7a em Concei\u00e7\u00e3o do Coit\u00e9. Confira! - Portal raizes noticias\" \/>\n<meta property=\"og:description\" content=\"Um v\u00eddeo que circula nas redes sociais mostra o momento exato em que um socorrista do \u00c1guia Resgate \u00e9 atingido por um golpe de fac\u00e3o na cabe\u00e7a, na manh\u00e3 desta ter\u00e7a-feira (06), no centro de Concei\u00e7\u00e3o do Coit\u00e9, nas proximidades do Mercado Municipal. Leia tamb\u00e9m:\u00a0URGENTE: Socorrista do \u00c1guia Resgate \u00e9 ferido com golpe de fac\u00e3o na cabe\u00e7a no centro de Concei\u00e7\u00e3o do Coit\u00e9; autor \u00e9 suspeito de assediar filha da v\u00edtima PUBLICIDADE\u00a0 A v\u00edtima foi identificada como Evandro Evangelista, subcomandante do \u00c1guia Resgate e um dos volunt\u00e1rios mais atuantes da equipe, respons\u00e1vel por auxiliar centenas de pessoas no munic\u00edpio ao longo dos anos. PUBLICIDADE\u00a0 Segundo informa\u00e7\u00f5es apuradas pelo Portal Ra\u00edzes, a agress\u00e3o teria ocorrido ap\u00f3s um desentendimento envolvendo o suspeito, que estaria sendo acusado de assediar a filha do socorrista, que \u00e0 \u00e9poca seria menor de idade. Ao se encontrar com o agressor na rua, houve uma discuss\u00e3o, momento em que o homem foi at\u00e9 o fundo de um ve\u00edculo, pegou um fac\u00e3o e desferiu o golpe contra Evandro. A Pol\u00edcia Militar prendeu em flagrante o autor da agress\u00e3o\u00a0 Confira o v\u00eddeo: Reda\u00e7\u00e3o\" \/>\n<meta property=\"og:url\" content=\"https:\/\/portalraizesnoticias.com.br\/?p=10242\" \/>\n<meta property=\"og:site_name\" content=\"Portal raizes noticias\" \/>\n<meta property=\"article:published_time\" content=\"2026-01-06T12:47:02+00:00\" \/>\n<meta property=\"article:modified_time\" content=\"2026-01-06T15:04:54+00:00\" \/>\n<meta property=\"og:image\" content=\"https:\/\/portalraizesnoticias.com.br\/wp-content\/uploads\/2026\/01\/IMG-20260106-WA0120.jpg\" \/>\n\t<meta property=\"og:image:width\" content=\"1080\" \/>\n\t<meta property=\"og:image:height\" content=\"1253\" \/>\n\t<meta property=\"og:image:type\" content=\"image\/jpeg\" \/>\n<meta name=\"author\" content=\"Portal Raizes\" \/>\n<meta name=\"twitter:card\" content=\"summary_large_image\" \/>\n<meta name=\"twitter:label1\" content=\"Escrito por\" \/>\n\t<meta name=\"twitter:data1\" content=\"Portal Raizes\" \/>\n\t<meta name=\"twitter:label2\" content=\"Est. tempo de leitura\" \/>\n\t<meta name=\"twitter:data2\" content=\"2 minutos\" \/>\n<script type=\"application\/ld+json\" class=\"yoast-schema-graph\">{\"@context\":\"https:\/\/schema.org\",\"@graph\":[{\"@type\":\"Article\",\"@id\":\"https:\/\/portalraizesnoticias.com.br\/?p=10242#article\",\"isPartOf\":{\"@id\":\"https:\/\/portalraizesnoticias.com.br\/?p=10242\"},\"author\":{\"name\":\"Portal Raizes\",\"@id\":\"https:\/\/portalraizesnoticias.com.br\/#\/schema\/person\/a3ca6b0fc701e78df19756c417d943ae\"},\"headline\":\"V\u00eddeo mostra momento em que socorrista \u00e9 atingido por fac\u00e3o na cabe\u00e7a em Concei\u00e7\u00e3o do Coit\u00e9. Confira!\",\"datePublished\":\"2026-01-06T12:47:02+00:00\",\"dateModified\":\"2026-01-06T15:04:54+00:00\",\"mainEntityOfPage\":{\"@id\":\"https:\/\/portalraizesnoticias.com.br\/?p=10242\"},\"wordCount\":238,\"commentCount\":0,\"publisher\":{\"@id\":\"https:\/\/portalraizesnoticias.com.br\/#organization\"},\"image\":{\"@id\":\"https:\/\/portalraizesnoticias.com.br\/?p=10242#primaryimage\"},\"thumbnailUrl\":\"https:\/\/portalraizesnoticias.com.br\/wp-content\/uploads\/2026\/01\/IMG-20260106-WA0120.jpg\",\"articleSection\":[\"DESTAQUES\",\"POLICIA\",\"ULTIMAS NOTICIAS\"],\"inLanguage\":\"pt-BR\",\"potentialAction\":[{\"@type\":\"CommentAction\",\"name\":\"Comment\",\"target\":[\"https:\/\/portalraizesnoticias.com.br\/?p=10242#respond\"]}]},{\"@type\":\"WebPage\",\"@id\":\"https:\/\/portalraizesnoticias.com.br\/?p=10242\",\"url\":\"https:\/\/portalraizesnoticias.com.br\/?p=10242\",\"name\":\"V\u00eddeo mostra momento em que socorrista \u00e9 atingido por fac\u00e3o na cabe\u00e7a em Concei\u00e7\u00e3o do Coit\u00e9. Confira! - Portal raizes noticias\",\"isPartOf\":{\"@id\":\"https:\/\/portalraizesnoticias.com.br\/#website\"},\"primaryImageOfPage\":{\"@id\":\"https:\/\/portalraizesnoticias.com.br\/?p=10242#primaryimage\"},\"image\":{\"@id\":\"https:\/\/portalraizesnoticias.com.br\/?p=10242#primaryimage\"},\"thumbnailUrl\":\"https:\/\/portalraizesnoticias.com.br\/wp-content\/uploads\/2026\/01\/IMG-20260106-WA0120.jpg\",\"datePublished\":\"2026-01-06T12:47:02+00:00\",\"dateModified\":\"2026-01-06T15:04:54+00:00\",\"breadcrumb\":{\"@id\":\"https:\/\/portalraizesnoticias.com.br\/?p=10242#breadcrumb\"},\"inLanguage\":\"pt-BR\",\"potentialAction\":[{\"@type\":\"ReadAction\",\"target\":[\"https:\/\/portalraizesnoticias.com.br\/?p=10242\"]}]},{\"@type\":\"ImageObject\",\"inLanguage\":\"pt-BR\",\"@id\":\"https:\/\/portalraizesnoticias.com.br\/?p=10242#primaryimage\",\"url\":\"https:\/\/portalraizesnoticias.com.br\/wp-content\/uploads\/2026\/01\/IMG-20260106-WA0120.jpg\",\"contentUrl\":\"https:\/\/portalraizesnoticias.com.br\/wp-content\/uploads\/2026\/01\/IMG-20260106-WA0120.jpg\",\"width\":1080,\"height\":1253},{\"@type\":\"BreadcrumbList\",\"@id\":\"https:\/\/portalraizesnoticias.com.br\/?p=10242#breadcrumb\",\"itemListElement\":[{\"@type\":\"ListItem\",\"position\":1,\"name\":\"In\u00edcio\",\"item\":\"https:\/\/portalraizesnoticias.com.br\/\"},{\"@type\":\"ListItem\",\"position\":2,\"name\":\"V\u00eddeo mostra momento em que socorrista \u00e9 atingido por fac\u00e3o na cabe\u00e7a em Concei\u00e7\u00e3o do Coit\u00e9. Confira!\"}]},{\"@type\":\"WebSite\",\"@id\":\"https:\/\/portalraizesnoticias.com.br\/#website\",\"url\":\"https:\/\/portalraizesnoticias.com.br\/\",\"name\":\"Portal raizes NOTICIAS\",\"description\":\"site de noticias de concei\u00e7\u00e3o do coit\u00e9 e regi\u00e3o\",\"publisher\":{\"@id\":\"https:\/\/portalraizesnoticias.com.br\/#organization\"},\"alternateName\":\"PORTAL RAIZES COIT\u00c9\",\"potentialAction\":[{\"@type\":\"SearchAction\",\"target\":{\"@type\":\"EntryPoint\",\"urlTemplate\":\"https:\/\/portalraizesnoticias.com.br\/?s={search_term_string}\"},\"query-input\":{\"@type\":\"PropertyValueSpecification\",\"valueRequired\":true,\"valueName\":\"search_term_string\"}}],\"inLanguage\":\"pt-BR\"},{\"@type\":\"Organization\",\"@id\":\"https:\/\/portalraizesnoticias.com.br\/#organization\",\"name\":\"Portal raizes NOTICIAS\",\"url\":\"https:\/\/portalraizesnoticias.com.br\/\",\"logo\":{\"@type\":\"ImageObject\",\"inLanguage\":\"pt-BR\",\"@id\":\"https:\/\/portalraizesnoticias.com.br\/#\/schema\/logo\/image\/\",\"url\":\"https:\/\/portalraizesnoticias.com.br\/wp-content\/uploads\/2024\/09\/cropped-Captura-de-tela-2024-09-08-011108.png\",\"contentUrl\":\"https:\/\/portalraizesnoticias.com.br\/wp-content\/uploads\/2024\/09\/cropped-Captura-de-tela-2024-09-08-011108.png\",\"width\":606,\"height\":173,\"caption\":\"Portal raizes NOTICIAS\"},\"image\":{\"@id\":\"https:\/\/portalraizesnoticias.com.br\/#\/schema\/logo\/image\/\"}},{\"@type\":\"Person\",\"@id\":\"https:\/\/portalraizesnoticias.com.br\/#\/schema\/person\/a3ca6b0fc701e78df19756c417d943ae\",\"name\":\"Portal Raizes\",\"image\":{\"@type\":\"ImageObject\",\"inLanguage\":\"pt-BR\",\"@id\":\"https:\/\/portalraizesnoticias.com.br\/#\/schema\/person\/image\/\",\"url\":\"https:\/\/secure.gravatar.com\/avatar\/ef450d29013a3d3fba867a12a249d7b1?s=96&d=mm&r=g\",\"contentUrl\":\"https:\/\/secure.gravatar.com\/avatar\/ef450d29013a3d3fba867a12a249d7b1?s=96&d=mm&r=g\",\"caption\":\"Portal Raizes\"},\"url\":\"https:\/\/portalraizesnoticias.com.br\/?author=3\"}]}<\/script>\n<!-- \/ Yoast SEO plugin. -->","yoast_head_json":{"title":"V\u00eddeo mostra momento em que socorrista \u00e9 atingido por fac\u00e3o na cabe\u00e7a em Concei\u00e7\u00e3o do Coit\u00e9. Confira! - Portal raizes noticias","robots":{"index":"index","follow":"follow","max-snippet":"max-snippet:-1","max-image-preview":"max-image-preview:large","max-video-preview":"max-video-preview:-1"},"canonical":"https:\/\/portalraizesnoticias.com.br\/?p=10242","og_locale":"pt_BR","og_type":"article","og_title":"V\u00eddeo mostra momento em que socorrista \u00e9 atingido por fac\u00e3o na cabe\u00e7a em Concei\u00e7\u00e3o do Coit\u00e9. Confira! - Portal raizes noticias","og_description":"Um v\u00eddeo que circula nas redes sociais mostra o momento exato em que um socorrista do \u00c1guia Resgate \u00e9 atingido por um golpe de fac\u00e3o na cabe\u00e7a, na manh\u00e3 desta ter\u00e7a-feira (06), no centro de Concei\u00e7\u00e3o do Coit\u00e9, nas proximidades do Mercado Municipal. Leia tamb\u00e9m:\u00a0URGENTE: Socorrista do \u00c1guia Resgate \u00e9 ferido com golpe de fac\u00e3o na cabe\u00e7a no centro de Concei\u00e7\u00e3o do Coit\u00e9; autor \u00e9 suspeito de assediar filha da v\u00edtima PUBLICIDADE\u00a0 A v\u00edtima foi identificada como Evandro Evangelista, subcomandante do \u00c1guia Resgate e um dos volunt\u00e1rios mais atuantes da equipe, respons\u00e1vel por auxiliar centenas de pessoas no munic\u00edpio ao longo dos anos. PUBLICIDADE\u00a0 Segundo informa\u00e7\u00f5es apuradas pelo Portal Ra\u00edzes, a agress\u00e3o teria ocorrido ap\u00f3s um desentendimento envolvendo o suspeito, que estaria sendo acusado de assediar a filha do socorrista, que \u00e0 \u00e9poca seria menor de idade. Ao se encontrar com o agressor na rua, houve uma discuss\u00e3o, momento em que o homem foi at\u00e9 o fundo de um ve\u00edculo, pegou um fac\u00e3o e desferiu o golpe contra Evandro. A Pol\u00edcia Militar prendeu em flagrante o autor da agress\u00e3o\u00a0 Confira o v\u00eddeo: Reda\u00e7\u00e3o","og_url":"https:\/\/portalraizesnoticias.com.br\/?p=10242","og_site_name":"Portal raizes noticias","article_published_time":"2026-01-06T12:47:02+00:00","article_modified_time":"2026-01-06T15:04:54+00:00","og_image":[{"width":1080,"height":1253,"url":"https:\/\/portalraizesnoticias.com.br\/wp-content\/uploads\/2026\/01\/IMG-20260106-WA0120.jpg","type":"image\/jpeg"}],"author":"Portal Raizes","twitter_card":"summary_large_image","twitter_misc":{"Escrito por":"Portal Raizes","Est. tempo de leitura":"2 minutos"},"schema":{"@context":"https:\/\/schema.org","@graph":[{"@type":"Article","@id":"https:\/\/portalraizesnoticias.com.br\/?p=10242#article","isPartOf":{"@id":"https:\/\/portalraizesnoticias.com.br\/?p=10242"},"author":{"name":"Portal Raizes","@id":"https:\/\/portalraizesnoticias.com.br\/#\/schema\/person\/a3ca6b0fc701e78df19756c417d943ae"},"headline":"V\u00eddeo mostra momento em que socorrista \u00e9 atingido por fac\u00e3o na cabe\u00e7a em Concei\u00e7\u00e3o do Coit\u00e9. Confira!","datePublished":"2026-01-06T12:47:02+00:00","dateModified":"2026-01-06T15:04:54+00:00","mainEntityOfPage":{"@id":"https:\/\/portalraizesnoticias.com.br\/?p=10242"},"wordCount":238,"commentCount":0,"publisher":{"@id":"https:\/\/portalraizesnoticias.com.br\/#organization"},"image":{"@id":"https:\/\/portalraizesnoticias.com.br\/?p=10242#primaryimage"},"thumbnailUrl":"https:\/\/portalraizesnoticias.com.br\/wp-content\/uploads\/2026\/01\/IMG-20260106-WA0120.jpg","articleSection":["DESTAQUES","POLICIA","ULTIMAS NOTICIAS"],"inLanguage":"pt-BR","potentialAction":[{"@type":"CommentAction","name":"Comment","target":["https:\/\/portalraizesnoticias.com.br\/?p=10242#respond"]}]},{"@type":"WebPage","@id":"https:\/\/portalraizesnoticias.com.br\/?p=10242","url":"https:\/\/portalraizesnoticias.com.br\/?p=10242","name":"V\u00eddeo mostra momento em que socorrista \u00e9 atingido por fac\u00e3o na cabe\u00e7a em Concei\u00e7\u00e3o do Coit\u00e9. Confira! - Portal raizes noticias","isPartOf":{"@id":"https:\/\/portalraizesnoticias.com.br\/#website"},"primaryImageOfPage":{"@id":"https:\/\/portalraizesnoticias.com.br\/?p=10242#primaryimage"},"image":{"@id":"https:\/\/portalraizesnoticias.com.br\/?p=10242#primaryimage"},"thumbnailUrl":"https:\/\/portalraizesnoticias.com.br\/wp-content\/uploads\/2026\/01\/IMG-20260106-WA0120.jpg","datePublished":"2026-01-06T12:47:02+00:00","dateModified":"2026-01-06T15:04:54+00:00","breadcrumb":{"@id":"https:\/\/portalraizesnoticias.com.br\/?p=10242#breadcrumb"},"inLanguage":"pt-BR","potentialAction":[{"@type":"ReadAction","target":["https:\/\/portalraizesnoticias.com.br\/?p=10242"]}]},{"@type":"ImageObject","inLanguage":"pt-BR","@id":"https:\/\/portalraizesnoticias.com.br\/?p=10242#primaryimage","url":"https:\/\/portalraizesnoticias.com.br\/wp-content\/uploads\/2026\/01\/IMG-20260106-WA0120.jpg","contentUrl":"https:\/\/portalraizesnoticias.com.br\/wp-content\/uploads\/2026\/01\/IMG-20260106-WA0120.jpg","width":1080,"height":1253},{"@type":"BreadcrumbList","@id":"https:\/\/portalraizesnoticias.com.br\/?p=10242#breadcrumb","itemListElement":[{"@type":"ListItem","position":1,"name":"In\u00edcio","item":"https:\/\/portalraizesnoticias.com.br\/"},{"@type":"ListItem","position":2,"name":"V\u00eddeo mostra momento em que socorrista \u00e9 atingido por fac\u00e3o na cabe\u00e7a em Concei\u00e7\u00e3o do Coit\u00e9. Confira!"}]},{"@type":"WebSite","@id":"https:\/\/portalraizesnoticias.com.br\/#website","url":"https:\/\/portalraizesnoticias.com.br\/","name":"Portal raizes NOTICIAS","description":"site de noticias de concei\u00e7\u00e3o do coit\u00e9 e regi\u00e3o","publisher":{"@id":"https:\/\/portalraizesnoticias.com.br\/#organization"},"alternateName":"PORTAL RAIZES COIT\u00c9","potentialAction":[{"@type":"SearchAction","target":{"@type":"EntryPoint","urlTemplate":"https:\/\/portalraizesnoticias.com.br\/?s={search_term_string}"},"query-input":{"@type":"PropertyValueSpecification","valueRequired":true,"valueName":"search_term_string"}}],"inLanguage":"pt-BR"},{"@type":"Organization","@id":"https:\/\/portalraizesnoticias.com.br\/#organization","name":"Portal raizes NOTICIAS","url":"https:\/\/portalraizesnoticias.com.br\/","logo":{"@type":"ImageObject","inLanguage":"pt-BR","@id":"https:\/\/portalraizesnoticias.com.br\/#\/schema\/logo\/image\/","url":"https:\/\/portalraizesnoticias.com.br\/wp-content\/uploads\/2024\/09\/cropped-Captura-de-tela-2024-09-08-011108.png","contentUrl":"https:\/\/portalraizesnoticias.com.br\/wp-content\/uploads\/2024\/09\/cropped-Captura-de-tela-2024-09-08-011108.png","width":606,"height":173,"caption":"Portal raizes NOTICIAS"},"image":{"@id":"https:\/\/portalraizesnoticias.com.br\/#\/schema\/logo\/image\/"}},{"@type":"Person","@id":"https:\/\/portalraizesnoticias.com.br\/#\/schema\/person\/a3ca6b0fc701e78df19756c417d943ae","name":"Portal Raizes","image":{"@type":"ImageObject","inLanguage":"pt-BR","@id":"https:\/\/portalraizesnoticias.com.br\/#\/schema\/person\/image\/","url":"https:\/\/secure.gravatar.com\/avatar\/ef450d29013a3d3fba867a12a249d7b1?s=96&d=mm&r=g","contentUrl":"https:\/\/secure.gravatar.com\/avatar\/ef450d29013a3d3fba867a12a249d7b1?s=96&d=mm&r=g","caption":"Portal Raizes"},"url":"https:\/\/portalraizesnoticias.com.br\/?author=3"}]}},"_links":{"self":[{"href":"https:\/\/portalraizesnoticias.com.br\/index.php?rest_route=\/wp\/v2\/posts\/10242"}],"collection":[{"href":"https:\/\/portalraizesnoticias.com.br\/index.php?rest_route=\/wp\/v2\/posts"}],"about":[{"href":"https:\/\/portalraizesnoticias.com.br\/index.php?rest_route=\/wp\/v2\/types\/post"}],"author":[{"embeddable":true,"href":"https:\/\/portalraizesnoticias.com.br\/index.php?rest_route=\/wp\/v2\/users\/3"}],"replies":[{"embeddable":true,"href":"https:\/\/portalraizesnoticias.com.br\/index.php?rest_route=%2Fwp%2Fv2%2Fcomments&post=10242"}],"version-history":[{"count":3,"href":"https:\/\/portalraizesnoticias.com.br\/index.php?rest_route=\/wp\/v2\/posts\/10242\/revisions"}],"predecessor-version":[{"id":10253,"href":"https:\/\/portalraizesnoticias.com.br\/index.php?rest_route=\/wp\/v2\/posts\/10242\/revisions\/10253"}],"wp:featuredmedia":[{"embeddable":true,"href":"https:\/\/portalraizesnoticias.com.br\/index.php?rest_route=\/wp\/v2\/media\/10245"}],"wp:attachment":[{"href":"https:\/\/portalraizesnoticias.com.br\/index.php?rest_route=%2Fwp%2Fv2%2Fmedia&parent=10242"}],"wp:term":[{"taxonomy":"category","embeddable":true,"href":"https:\/\/portalraizesnoticias.com.br\/index.php?rest_route=%2Fwp%2Fv2%2Fcategories&post=10242"},{"taxonomy":"post_tag","embeddable":true,"href":"https:\/\/portalraizesnoticias.com.br\/index.php?rest_route=%2Fwp%2Fv2%2Ftags&post=10242"}],"curies":[{"name":"wp","href":"https:\/\/api.w.org\/{rel}","templated":true}]}}