{"id":10220,"date":"2026-01-06T08:06:36","date_gmt":"2026-01-06T11:06:36","guid":{"rendered":"https:\/\/portalraizesnoticias.com.br\/?p=10220"},"modified":"2026-01-06T08:06:37","modified_gmt":"2026-01-06T11:06:37","slug":"homem-tem-motocicleta-roubada-na-zona-rural-de-santaluz","status":"publish","type":"post","link":"https:\/\/portalraizesnoticias.com.br\/?p=10220","title":{"rendered":"Homem tem motocicleta roubada na zona rural de Santaluz"},"content":{"rendered":"<p>Um homem de 33 anos teve a motocicleta roubada na noite desta segunda-feira (5), na regi\u00e3o do povoado Boa Esperan\u00e7a, zona rural de Santaluz,.<\/p>\n<p>De acordo com informa\u00e7\u00f5es obtidas pelo Portal Ra\u00edzes junto \u00e0 Pol\u00edcia Militar, o crime ocorreu por volta das 20h52, nas proximidades de uma fazenda conhecida como Fazenda de Gustavo.<\/p>\n<p><img fetchpriority=\"high\" decoding=\"async\" class=\"size-medium wp-image-9058 aligncenter\" src=\"https:\/\/portalraizesnoticias.com.br\/wp-content\/uploads\/2025\/10\/M.I-laranja-branco_page-0001-1536x1075-1-300x210.jpg\" alt=\"\" width=\"300\" height=\"210\" srcset=\"https:\/\/portalraizesnoticias.com.br\/wp-content\/uploads\/2025\/10\/M.I-laranja-branco_page-0001-1536x1075-1-300x210.jpg 300w, https:\/\/portalraizesnoticias.com.br\/wp-content\/uploads\/2025\/10\/M.I-laranja-branco_page-0001-1536x1075-1-1024x717.jpg 1024w, https:\/\/portalraizesnoticias.com.br\/wp-content\/uploads\/2025\/10\/M.I-laranja-branco_page-0001-1536x1075-1-768x538.jpg 768w, https:\/\/portalraizesnoticias.com.br\/wp-content\/uploads\/2025\/10\/M.I-laranja-branco_page-0001-1536x1075-1.jpg 1536w\" sizes=\"(max-width: 300px) 100vw, 300px\" \/><\/p>\n<p style=\"text-align: center;\"><strong>PUBLICIDADE<\/strong><\/p>\n<p>A v\u00edtima, identificada relatou que foi interceptada por dois indiv\u00edduos que estavam a bordo de uma motocicleta preta.<\/p>\n<p>Segundo o relato, os suspeitos usavam moletons cinza. Um deles foi descrito como alto, magro e de pele branca, enquanto o outro seria negro e de estatura baixa.<\/p>\n<p><img decoding=\"async\" class=\"size-medium wp-image-8641 aligncenter\" src=\"https:\/\/portalraizesnoticias.com.br\/wp-content\/uploads\/2025\/10\/WhatsApp-Image-2025-10-02-at-08.27.18-300x229.jpeg\" alt=\"\" width=\"300\" height=\"229\" srcset=\"https:\/\/portalraizesnoticias.com.br\/wp-content\/uploads\/2025\/10\/WhatsApp-Image-2025-10-02-at-08.27.18-300x229.jpeg 300w, https:\/\/portalraizesnoticias.com.br\/wp-content\/uploads\/2025\/10\/WhatsApp-Image-2025-10-02-at-08.27.18.jpeg 752w\" sizes=\"(max-width: 300px) 100vw, 300px\" \/><\/p>\n<p style=\"text-align: center;\"><strong>PUBLICIDADE<\/strong><\/p>\n<p>A dupla anunciou o assalto e fugiu em seguida em dire\u00e7\u00e3o ao povoado de V\u00e1rzea da Pedra.<\/p>\n<p>Ap\u00f3s tomar conhecimento do crime, guarni\u00e7\u00f5es realizaram rondas pelas regi\u00f5es de Boa Esperan\u00e7a, Caldeir\u00e3o Novo e Miranda, por\u00e9m nenhum suspeito foi localizado.<\/p>\n<p>A motocicleta levada no assalto \u00e9 uma Honda CG 125, de cor azul, ano 1998, sem placa e com banco branco.<\/p>\n<p>A v\u00edtima foi orientada a registrar boletim de ocorr\u00eancia na Delegacia Territorial de Santaluz. O caso dever\u00e1 ser investigado pela Pol\u00edcia Civil.<\/p>\n<p>Reda\u00e7\u00e3o<\/p>\n<p>(Foto: Shutterstock)\/ ilustra\u00e7\u00e3o<\/p>\n","protected":false},"excerpt":{"rendered":"<p>Um homem de 33 anos teve a motocicleta roubada na noite desta segunda-feira (5), na regi\u00e3o do povoado Boa Esperan\u00e7a, zona rural de Santaluz,. De acordo com informa\u00e7\u00f5es obtidas pelo Portal Ra\u00edzes junto \u00e0 Pol\u00edcia Militar, o crime ocorreu por volta das 20h52, nas proximidades de uma fazenda conhecida como Fazenda de Gustavo. PUBLICIDADE A v\u00edtima, identificada relatou que foi interceptada por dois indiv\u00edduos que estavam a bordo de uma motocicleta preta. Segundo o relato, os suspeitos usavam moletons cinza. Um deles foi descrito como alto, magro e de pele branca, enquanto o outro seria negro e de estatura baixa. PUBLICIDADE A dupla anunciou o assalto e fugiu em seguida em dire\u00e7\u00e3o ao povoado de V\u00e1rzea da Pedra. Ap\u00f3s tomar conhecimento do crime, guarni\u00e7\u00f5es realizaram rondas pelas regi\u00f5es de Boa Esperan\u00e7a, Caldeir\u00e3o Novo e Miranda, por\u00e9m nenhum suspeito foi localizado. A motocicleta levada no assalto \u00e9 uma Honda CG 125, de cor azul, ano 1998, sem placa e com banco branco. A v\u00edtima foi orientada a registrar boletim de ocorr\u00eancia na Delegacia Territorial de Santaluz. O caso dever\u00e1 ser investigado pela Pol\u00edcia Civil. Reda\u00e7\u00e3o (Foto: Shutterstock)\/ ilustra\u00e7\u00e3o<\/p>\n","protected":false},"author":3,"featured_media":10221,"comment_status":"open","ping_status":"open","sticky":false,"template":"","format":"standard","meta":{"_joinchat":[],"footnotes":""},"categories":[55,67,59],"tags":[],"class_list":["post-10220","post","type-post","status-publish","format-standard","has-post-thumbnail","hentry","category-destaques","category-policia","category-ultimas-noticias"],"yoast_head":"<!-- This site is optimized with the Yoast SEO plugin v24.4 - https:\/\/yoast.com\/wordpress\/plugins\/seo\/ -->\n<title>Homem tem motocicleta roubada na zona rural de Santaluz - Portal raizes noticias<\/title>\n<meta name=\"robots\" content=\"index, follow, max-snippet:-1, max-image-preview:large, max-video-preview:-1\" \/>\n<link rel=\"canonical\" href=\"https:\/\/portalraizesnoticias.com.br\/?p=10220\" \/>\n<meta property=\"og:locale\" content=\"pt_BR\" \/>\n<meta property=\"og:type\" content=\"article\" \/>\n<meta property=\"og:title\" content=\"Homem tem motocicleta roubada na zona rural de Santaluz - Portal raizes noticias\" \/>\n<meta property=\"og:description\" content=\"Um homem de 33 anos teve a motocicleta roubada na noite desta segunda-feira (5), na regi\u00e3o do povoado Boa Esperan\u00e7a, zona rural de Santaluz,. De acordo com informa\u00e7\u00f5es obtidas pelo Portal Ra\u00edzes junto \u00e0 Pol\u00edcia Militar, o crime ocorreu por volta das 20h52, nas proximidades de uma fazenda conhecida como Fazenda de Gustavo. PUBLICIDADE A v\u00edtima, identificada relatou que foi interceptada por dois indiv\u00edduos que estavam a bordo de uma motocicleta preta. Segundo o relato, os suspeitos usavam moletons cinza. Um deles foi descrito como alto, magro e de pele branca, enquanto o outro seria negro e de estatura baixa. PUBLICIDADE A dupla anunciou o assalto e fugiu em seguida em dire\u00e7\u00e3o ao povoado de V\u00e1rzea da Pedra. Ap\u00f3s tomar conhecimento do crime, guarni\u00e7\u00f5es realizaram rondas pelas regi\u00f5es de Boa Esperan\u00e7a, Caldeir\u00e3o Novo e Miranda, por\u00e9m nenhum suspeito foi localizado. A motocicleta levada no assalto \u00e9 uma Honda CG 125, de cor azul, ano 1998, sem placa e com banco branco. A v\u00edtima foi orientada a registrar boletim de ocorr\u00eancia na Delegacia Territorial de Santaluz. O caso dever\u00e1 ser investigado pela Pol\u00edcia Civil. Reda\u00e7\u00e3o (Foto: Shutterstock)\/ ilustra\u00e7\u00e3o\" \/>\n<meta property=\"og:url\" content=\"https:\/\/portalraizesnoticias.com.br\/?p=10220\" \/>\n<meta property=\"og:site_name\" content=\"Portal raizes noticias\" \/>\n<meta property=\"article:published_time\" content=\"2026-01-06T11:06:36+00:00\" \/>\n<meta property=\"article:modified_time\" content=\"2026-01-06T11:06:37+00:00\" \/>\n<meta property=\"og:image\" content=\"https:\/\/portalraizesnoticias.com.br\/wp-content\/uploads\/2026\/01\/images.jpeg\" \/>\n\t<meta property=\"og:image:width\" content=\"576\" \/>\n\t<meta property=\"og:image:height\" content=\"384\" \/>\n\t<meta property=\"og:image:type\" content=\"image\/jpeg\" \/>\n<meta name=\"author\" content=\"Portal Raizes\" \/>\n<meta name=\"twitter:card\" content=\"summary_large_image\" \/>\n<meta name=\"twitter:label1\" content=\"Escrito por\" \/>\n\t<meta name=\"twitter:data1\" content=\"Portal Raizes\" \/>\n\t<meta name=\"twitter:label2\" content=\"Est. tempo de leitura\" \/>\n\t<meta name=\"twitter:data2\" content=\"2 minutos\" \/>\n<script type=\"application\/ld+json\" class=\"yoast-schema-graph\">{\"@context\":\"https:\/\/schema.org\",\"@graph\":[{\"@type\":\"Article\",\"@id\":\"https:\/\/portalraizesnoticias.com.br\/?p=10220#article\",\"isPartOf\":{\"@id\":\"https:\/\/portalraizesnoticias.com.br\/?p=10220\"},\"author\":{\"name\":\"Portal Raizes\",\"@id\":\"https:\/\/portalraizesnoticias.com.br\/#\/schema\/person\/a3ca6b0fc701e78df19756c417d943ae\"},\"headline\":\"Homem tem motocicleta roubada na zona rural de Santaluz\",\"datePublished\":\"2026-01-06T11:06:36+00:00\",\"dateModified\":\"2026-01-06T11:06:37+00:00\",\"mainEntityOfPage\":{\"@id\":\"https:\/\/portalraizesnoticias.com.br\/?p=10220\"},\"wordCount\":210,\"commentCount\":0,\"publisher\":{\"@id\":\"https:\/\/portalraizesnoticias.com.br\/#organization\"},\"image\":{\"@id\":\"https:\/\/portalraizesnoticias.com.br\/?p=10220#primaryimage\"},\"thumbnailUrl\":\"https:\/\/portalraizesnoticias.com.br\/wp-content\/uploads\/2026\/01\/images.jpeg\",\"articleSection\":[\"DESTAQUES\",\"POLICIA\",\"ULTIMAS NOTICIAS\"],\"inLanguage\":\"pt-BR\",\"potentialAction\":[{\"@type\":\"CommentAction\",\"name\":\"Comment\",\"target\":[\"https:\/\/portalraizesnoticias.com.br\/?p=10220#respond\"]}]},{\"@type\":\"WebPage\",\"@id\":\"https:\/\/portalraizesnoticias.com.br\/?p=10220\",\"url\":\"https:\/\/portalraizesnoticias.com.br\/?p=10220\",\"name\":\"Homem tem motocicleta roubada na zona rural de Santaluz - Portal raizes noticias\",\"isPartOf\":{\"@id\":\"https:\/\/portalraizesnoticias.com.br\/#website\"},\"primaryImageOfPage\":{\"@id\":\"https:\/\/portalraizesnoticias.com.br\/?p=10220#primaryimage\"},\"image\":{\"@id\":\"https:\/\/portalraizesnoticias.com.br\/?p=10220#primaryimage\"},\"thumbnailUrl\":\"https:\/\/portalraizesnoticias.com.br\/wp-content\/uploads\/2026\/01\/images.jpeg\",\"datePublished\":\"2026-01-06T11:06:36+00:00\",\"dateModified\":\"2026-01-06T11:06:37+00:00\",\"breadcrumb\":{\"@id\":\"https:\/\/portalraizesnoticias.com.br\/?p=10220#breadcrumb\"},\"inLanguage\":\"pt-BR\",\"potentialAction\":[{\"@type\":\"ReadAction\",\"target\":[\"https:\/\/portalraizesnoticias.com.br\/?p=10220\"]}]},{\"@type\":\"ImageObject\",\"inLanguage\":\"pt-BR\",\"@id\":\"https:\/\/portalraizesnoticias.com.br\/?p=10220#primaryimage\",\"url\":\"https:\/\/portalraizesnoticias.com.br\/wp-content\/uploads\/2026\/01\/images.jpeg\",\"contentUrl\":\"https:\/\/portalraizesnoticias.com.br\/wp-content\/uploads\/2026\/01\/images.jpeg\",\"width\":576,\"height\":384},{\"@type\":\"BreadcrumbList\",\"@id\":\"https:\/\/portalraizesnoticias.com.br\/?p=10220#breadcrumb\",\"itemListElement\":[{\"@type\":\"ListItem\",\"position\":1,\"name\":\"In\u00edcio\",\"item\":\"https:\/\/portalraizesnoticias.com.br\/\"},{\"@type\":\"ListItem\",\"position\":2,\"name\":\"Homem tem motocicleta roubada na zona rural de Santaluz\"}]},{\"@type\":\"WebSite\",\"@id\":\"https:\/\/portalraizesnoticias.com.br\/#website\",\"url\":\"https:\/\/portalraizesnoticias.com.br\/\",\"name\":\"Portal raizes NOTICIAS\",\"description\":\"site de noticias de concei\u00e7\u00e3o do coit\u00e9 e regi\u00e3o\",\"publisher\":{\"@id\":\"https:\/\/portalraizesnoticias.com.br\/#organization\"},\"alternateName\":\"PORTAL RAIZES COIT\u00c9\",\"potentialAction\":[{\"@type\":\"SearchAction\",\"target\":{\"@type\":\"EntryPoint\",\"urlTemplate\":\"https:\/\/portalraizesnoticias.com.br\/?s={search_term_string}\"},\"query-input\":{\"@type\":\"PropertyValueSpecification\",\"valueRequired\":true,\"valueName\":\"search_term_string\"}}],\"inLanguage\":\"pt-BR\"},{\"@type\":\"Organization\",\"@id\":\"https:\/\/portalraizesnoticias.com.br\/#organization\",\"name\":\"Portal raizes NOTICIAS\",\"url\":\"https:\/\/portalraizesnoticias.com.br\/\",\"logo\":{\"@type\":\"ImageObject\",\"inLanguage\":\"pt-BR\",\"@id\":\"https:\/\/portalraizesnoticias.com.br\/#\/schema\/logo\/image\/\",\"url\":\"https:\/\/portalraizesnoticias.com.br\/wp-content\/uploads\/2024\/09\/cropped-Captura-de-tela-2024-09-08-011108.png\",\"contentUrl\":\"https:\/\/portalraizesnoticias.com.br\/wp-content\/uploads\/2024\/09\/cropped-Captura-de-tela-2024-09-08-011108.png\",\"width\":606,\"height\":173,\"caption\":\"Portal raizes NOTICIAS\"},\"image\":{\"@id\":\"https:\/\/portalraizesnoticias.com.br\/#\/schema\/logo\/image\/\"}},{\"@type\":\"Person\",\"@id\":\"https:\/\/portalraizesnoticias.com.br\/#\/schema\/person\/a3ca6b0fc701e78df19756c417d943ae\",\"name\":\"Portal Raizes\",\"image\":{\"@type\":\"ImageObject\",\"inLanguage\":\"pt-BR\",\"@id\":\"https:\/\/portalraizesnoticias.com.br\/#\/schema\/person\/image\/\",\"url\":\"https:\/\/secure.gravatar.com\/avatar\/ef450d29013a3d3fba867a12a249d7b1?s=96&d=mm&r=g\",\"contentUrl\":\"https:\/\/secure.gravatar.com\/avatar\/ef450d29013a3d3fba867a12a249d7b1?s=96&d=mm&r=g\",\"caption\":\"Portal Raizes\"},\"url\":\"https:\/\/portalraizesnoticias.com.br\/?author=3\"}]}<\/script>\n<!-- \/ Yoast SEO plugin. -->","yoast_head_json":{"title":"Homem tem motocicleta roubada na zona rural de Santaluz - Portal raizes noticias","robots":{"index":"index","follow":"follow","max-snippet":"max-snippet:-1","max-image-preview":"max-image-preview:large","max-video-preview":"max-video-preview:-1"},"canonical":"https:\/\/portalraizesnoticias.com.br\/?p=10220","og_locale":"pt_BR","og_type":"article","og_title":"Homem tem motocicleta roubada na zona rural de Santaluz - Portal raizes noticias","og_description":"Um homem de 33 anos teve a motocicleta roubada na noite desta segunda-feira (5), na regi\u00e3o do povoado Boa Esperan\u00e7a, zona rural de Santaluz,. De acordo com informa\u00e7\u00f5es obtidas pelo Portal Ra\u00edzes junto \u00e0 Pol\u00edcia Militar, o crime ocorreu por volta das 20h52, nas proximidades de uma fazenda conhecida como Fazenda de Gustavo. PUBLICIDADE A v\u00edtima, identificada relatou que foi interceptada por dois indiv\u00edduos que estavam a bordo de uma motocicleta preta. Segundo o relato, os suspeitos usavam moletons cinza. Um deles foi descrito como alto, magro e de pele branca, enquanto o outro seria negro e de estatura baixa. PUBLICIDADE A dupla anunciou o assalto e fugiu em seguida em dire\u00e7\u00e3o ao povoado de V\u00e1rzea da Pedra. Ap\u00f3s tomar conhecimento do crime, guarni\u00e7\u00f5es realizaram rondas pelas regi\u00f5es de Boa Esperan\u00e7a, Caldeir\u00e3o Novo e Miranda, por\u00e9m nenhum suspeito foi localizado. A motocicleta levada no assalto \u00e9 uma Honda CG 125, de cor azul, ano 1998, sem placa e com banco branco. A v\u00edtima foi orientada a registrar boletim de ocorr\u00eancia na Delegacia Territorial de Santaluz. O caso dever\u00e1 ser investigado pela Pol\u00edcia Civil. Reda\u00e7\u00e3o (Foto: Shutterstock)\/ ilustra\u00e7\u00e3o","og_url":"https:\/\/portalraizesnoticias.com.br\/?p=10220","og_site_name":"Portal raizes noticias","article_published_time":"2026-01-06T11:06:36+00:00","article_modified_time":"2026-01-06T11:06:37+00:00","og_image":[{"width":576,"height":384,"url":"https:\/\/portalraizesnoticias.com.br\/wp-content\/uploads\/2026\/01\/images.jpeg","type":"image\/jpeg"}],"author":"Portal Raizes","twitter_card":"summary_large_image","twitter_misc":{"Escrito por":"Portal Raizes","Est. tempo de leitura":"2 minutos"},"schema":{"@context":"https:\/\/schema.org","@graph":[{"@type":"Article","@id":"https:\/\/portalraizesnoticias.com.br\/?p=10220#article","isPartOf":{"@id":"https:\/\/portalraizesnoticias.com.br\/?p=10220"},"author":{"name":"Portal Raizes","@id":"https:\/\/portalraizesnoticias.com.br\/#\/schema\/person\/a3ca6b0fc701e78df19756c417d943ae"},"headline":"Homem tem motocicleta roubada na zona rural de Santaluz","datePublished":"2026-01-06T11:06:36+00:00","dateModified":"2026-01-06T11:06:37+00:00","mainEntityOfPage":{"@id":"https:\/\/portalraizesnoticias.com.br\/?p=10220"},"wordCount":210,"commentCount":0,"publisher":{"@id":"https:\/\/portalraizesnoticias.com.br\/#organization"},"image":{"@id":"https:\/\/portalraizesnoticias.com.br\/?p=10220#primaryimage"},"thumbnailUrl":"https:\/\/portalraizesnoticias.com.br\/wp-content\/uploads\/2026\/01\/images.jpeg","articleSection":["DESTAQUES","POLICIA","ULTIMAS NOTICIAS"],"inLanguage":"pt-BR","potentialAction":[{"@type":"CommentAction","name":"Comment","target":["https:\/\/portalraizesnoticias.com.br\/?p=10220#respond"]}]},{"@type":"WebPage","@id":"https:\/\/portalraizesnoticias.com.br\/?p=10220","url":"https:\/\/portalraizesnoticias.com.br\/?p=10220","name":"Homem tem motocicleta roubada na zona rural de Santaluz - Portal raizes noticias","isPartOf":{"@id":"https:\/\/portalraizesnoticias.com.br\/#website"},"primaryImageOfPage":{"@id":"https:\/\/portalraizesnoticias.com.br\/?p=10220#primaryimage"},"image":{"@id":"https:\/\/portalraizesnoticias.com.br\/?p=10220#primaryimage"},"thumbnailUrl":"https:\/\/portalraizesnoticias.com.br\/wp-content\/uploads\/2026\/01\/images.jpeg","datePublished":"2026-01-06T11:06:36+00:00","dateModified":"2026-01-06T11:06:37+00:00","breadcrumb":{"@id":"https:\/\/portalraizesnoticias.com.br\/?p=10220#breadcrumb"},"inLanguage":"pt-BR","potentialAction":[{"@type":"ReadAction","target":["https:\/\/portalraizesnoticias.com.br\/?p=10220"]}]},{"@type":"ImageObject","inLanguage":"pt-BR","@id":"https:\/\/portalraizesnoticias.com.br\/?p=10220#primaryimage","url":"https:\/\/portalraizesnoticias.com.br\/wp-content\/uploads\/2026\/01\/images.jpeg","contentUrl":"https:\/\/portalraizesnoticias.com.br\/wp-content\/uploads\/2026\/01\/images.jpeg","width":576,"height":384},{"@type":"BreadcrumbList","@id":"https:\/\/portalraizesnoticias.com.br\/?p=10220#breadcrumb","itemListElement":[{"@type":"ListItem","position":1,"name":"In\u00edcio","item":"https:\/\/portalraizesnoticias.com.br\/"},{"@type":"ListItem","position":2,"name":"Homem tem motocicleta roubada na zona rural de Santaluz"}]},{"@type":"WebSite","@id":"https:\/\/portalraizesnoticias.com.br\/#website","url":"https:\/\/portalraizesnoticias.com.br\/","name":"Portal raizes NOTICIAS","description":"site de noticias de concei\u00e7\u00e3o do coit\u00e9 e regi\u00e3o","publisher":{"@id":"https:\/\/portalraizesnoticias.com.br\/#organization"},"alternateName":"PORTAL RAIZES COIT\u00c9","potentialAction":[{"@type":"SearchAction","target":{"@type":"EntryPoint","urlTemplate":"https:\/\/portalraizesnoticias.com.br\/?s={search_term_string}"},"query-input":{"@type":"PropertyValueSpecification","valueRequired":true,"valueName":"search_term_string"}}],"inLanguage":"pt-BR"},{"@type":"Organization","@id":"https:\/\/portalraizesnoticias.com.br\/#organization","name":"Portal raizes NOTICIAS","url":"https:\/\/portalraizesnoticias.com.br\/","logo":{"@type":"ImageObject","inLanguage":"pt-BR","@id":"https:\/\/portalraizesnoticias.com.br\/#\/schema\/logo\/image\/","url":"https:\/\/portalraizesnoticias.com.br\/wp-content\/uploads\/2024\/09\/cropped-Captura-de-tela-2024-09-08-011108.png","contentUrl":"https:\/\/portalraizesnoticias.com.br\/wp-content\/uploads\/2024\/09\/cropped-Captura-de-tela-2024-09-08-011108.png","width":606,"height":173,"caption":"Portal raizes NOTICIAS"},"image":{"@id":"https:\/\/portalraizesnoticias.com.br\/#\/schema\/logo\/image\/"}},{"@type":"Person","@id":"https:\/\/portalraizesnoticias.com.br\/#\/schema\/person\/a3ca6b0fc701e78df19756c417d943ae","name":"Portal Raizes","image":{"@type":"ImageObject","inLanguage":"pt-BR","@id":"https:\/\/portalraizesnoticias.com.br\/#\/schema\/person\/image\/","url":"https:\/\/secure.gravatar.com\/avatar\/ef450d29013a3d3fba867a12a249d7b1?s=96&d=mm&r=g","contentUrl":"https:\/\/secure.gravatar.com\/avatar\/ef450d29013a3d3fba867a12a249d7b1?s=96&d=mm&r=g","caption":"Portal Raizes"},"url":"https:\/\/portalraizesnoticias.com.br\/?author=3"}]}},"_links":{"self":[{"href":"https:\/\/portalraizesnoticias.com.br\/index.php?rest_route=\/wp\/v2\/posts\/10220"}],"collection":[{"href":"https:\/\/portalraizesnoticias.com.br\/index.php?rest_route=\/wp\/v2\/posts"}],"about":[{"href":"https:\/\/portalraizesnoticias.com.br\/index.php?rest_route=\/wp\/v2\/types\/post"}],"author":[{"embeddable":true,"href":"https:\/\/portalraizesnoticias.com.br\/index.php?rest_route=\/wp\/v2\/users\/3"}],"replies":[{"embeddable":true,"href":"https:\/\/portalraizesnoticias.com.br\/index.php?rest_route=%2Fwp%2Fv2%2Fcomments&post=10220"}],"version-history":[{"count":1,"href":"https:\/\/portalraizesnoticias.com.br\/index.php?rest_route=\/wp\/v2\/posts\/10220\/revisions"}],"predecessor-version":[{"id":10222,"href":"https:\/\/portalraizesnoticias.com.br\/index.php?rest_route=\/wp\/v2\/posts\/10220\/revisions\/10222"}],"wp:featuredmedia":[{"embeddable":true,"href":"https:\/\/portalraizesnoticias.com.br\/index.php?rest_route=\/wp\/v2\/media\/10221"}],"wp:attachment":[{"href":"https:\/\/portalraizesnoticias.com.br\/index.php?rest_route=%2Fwp%2Fv2%2Fmedia&parent=10220"}],"wp:term":[{"taxonomy":"category","embeddable":true,"href":"https:\/\/portalraizesnoticias.com.br\/index.php?rest_route=%2Fwp%2Fv2%2Fcategories&post=10220"},{"taxonomy":"post_tag","embeddable":true,"href":"https:\/\/portalraizesnoticias.com.br\/index.php?rest_route=%2Fwp%2Fv2%2Ftags&post=10220"}],"curies":[{"name":"wp","href":"https:\/\/api.w.org\/{rel}","templated":true}]}}