{"id":10201,"date":"2026-01-04T22:24:53","date_gmt":"2026-01-05T01:24:53","guid":{"rendered":"https:\/\/portalraizesnoticias.com.br\/?p=10201"},"modified":"2026-01-04T22:24:54","modified_gmt":"2026-01-05T01:24:54","slug":"homem-fica-ferido-apos-ser-esfaqueado-na-estrada-do-bois-em-conceicao-do-coite","status":"publish","type":"post","link":"https:\/\/portalraizesnoticias.com.br\/?p=10201","title":{"rendered":"Homem fica ferido ap\u00f3s ser esfaqueado na estrada do Bois em Concei\u00e7\u00e3o do Coit\u00e9"},"content":{"rendered":"<p>E. C. Z. ficou ferido ap\u00f3s ser atingido por uma facada na noite deste domingo (04), na estrada do Bois, zona rural de Concei\u00e7\u00e3o do Coit\u00e9.<\/p>\n<p>De acordo com informa\u00e7\u00f5es do coordenador do \u00c1guia Resgate, Gildo Carneiro, a v\u00edtima foi encontrada inconsciente e desorientada, apresentando lacera\u00e7\u00f5es nas m\u00e3os, no ombro e na boca.<\/p>\n<p>Ele recebeu os primeiros socorros ainda no local e, em seguida, foi encaminhado para a emerg\u00eancia do Hospital Portugu\u00eas de Coit\u00e9.<\/p>\n<p>Testemunhas relataram que, antes de esfaquear a v\u00edtima, o suspeito a teria derrubado da motocicleta ao atropel\u00e1-la com um carro, cometendo o crime em seguida.<\/p>\n<p>A Pol\u00edcia Militar foi acionada<\/p>\n<p>Reda\u00e7\u00e3o<\/p>\n","protected":false},"excerpt":{"rendered":"<p>E. C. Z. ficou ferido ap\u00f3s ser atingido por uma facada na noite deste domingo (04), na estrada do Bois, zona rural de Concei\u00e7\u00e3o do Coit\u00e9. De acordo com informa\u00e7\u00f5es do coordenador do \u00c1guia Resgate, Gildo Carneiro, a v\u00edtima foi encontrada inconsciente e desorientada, apresentando lacera\u00e7\u00f5es nas m\u00e3os, no ombro e na boca. Ele recebeu os primeiros socorros ainda no local e, em seguida, foi encaminhado para a emerg\u00eancia do Hospital Portugu\u00eas de Coit\u00e9. Testemunhas relataram que, antes de esfaquear a v\u00edtima, o suspeito a teria derrubado da motocicleta ao atropel\u00e1-la com um carro, cometendo o crime em seguida. A Pol\u00edcia Militar foi acionada Reda\u00e7\u00e3o<\/p>\n","protected":false},"author":3,"featured_media":10202,"comment_status":"open","ping_status":"open","sticky":false,"template":"","format":"standard","meta":{"_joinchat":[],"footnotes":""},"categories":[55,67,59],"tags":[],"class_list":["post-10201","post","type-post","status-publish","format-standard","has-post-thumbnail","hentry","category-destaques","category-policia","category-ultimas-noticias"],"yoast_head":"<!-- This site is optimized with the Yoast SEO plugin v24.4 - https:\/\/yoast.com\/wordpress\/plugins\/seo\/ -->\n<title>Homem fica ferido ap\u00f3s ser esfaqueado na estrada do Bois em Concei\u00e7\u00e3o do Coit\u00e9 - Portal raizes noticias<\/title>\n<meta name=\"robots\" content=\"index, follow, max-snippet:-1, max-image-preview:large, max-video-preview:-1\" \/>\n<link rel=\"canonical\" href=\"https:\/\/portalraizesnoticias.com.br\/?p=10201\" \/>\n<meta property=\"og:locale\" content=\"pt_BR\" \/>\n<meta property=\"og:type\" content=\"article\" \/>\n<meta property=\"og:title\" content=\"Homem fica ferido ap\u00f3s ser esfaqueado na estrada do Bois em Concei\u00e7\u00e3o do Coit\u00e9 - Portal raizes noticias\" \/>\n<meta property=\"og:description\" content=\"E. C. Z. ficou ferido ap\u00f3s ser atingido por uma facada na noite deste domingo (04), na estrada do Bois, zona rural de Concei\u00e7\u00e3o do Coit\u00e9. De acordo com informa\u00e7\u00f5es do coordenador do \u00c1guia Resgate, Gildo Carneiro, a v\u00edtima foi encontrada inconsciente e desorientada, apresentando lacera\u00e7\u00f5es nas m\u00e3os, no ombro e na boca. Ele recebeu os primeiros socorros ainda no local e, em seguida, foi encaminhado para a emerg\u00eancia do Hospital Portugu\u00eas de Coit\u00e9. Testemunhas relataram que, antes de esfaquear a v\u00edtima, o suspeito a teria derrubado da motocicleta ao atropel\u00e1-la com um carro, cometendo o crime em seguida. A Pol\u00edcia Militar foi acionada Reda\u00e7\u00e3o\" \/>\n<meta property=\"og:url\" content=\"https:\/\/portalraizesnoticias.com.br\/?p=10201\" \/>\n<meta property=\"og:site_name\" content=\"Portal raizes noticias\" \/>\n<meta property=\"article:published_time\" content=\"2026-01-05T01:24:53+00:00\" \/>\n<meta property=\"article:modified_time\" content=\"2026-01-05T01:24:54+00:00\" \/>\n<meta property=\"og:image\" content=\"https:\/\/portalraizesnoticias.com.br\/wp-content\/uploads\/2026\/01\/IMG-20260104-WA0504.jpg\" \/>\n\t<meta property=\"og:image:width\" content=\"960\" \/>\n\t<meta property=\"og:image:height\" content=\"1280\" \/>\n\t<meta property=\"og:image:type\" content=\"image\/jpeg\" \/>\n<meta name=\"author\" content=\"Portal Raizes\" \/>\n<meta name=\"twitter:card\" content=\"summary_large_image\" \/>\n<meta name=\"twitter:label1\" content=\"Escrito por\" \/>\n\t<meta name=\"twitter:data1\" content=\"Portal Raizes\" \/>\n\t<meta name=\"twitter:label2\" content=\"Est. tempo de leitura\" \/>\n\t<meta name=\"twitter:data2\" content=\"1 minuto\" \/>\n<script type=\"application\/ld+json\" class=\"yoast-schema-graph\">{\"@context\":\"https:\/\/schema.org\",\"@graph\":[{\"@type\":\"Article\",\"@id\":\"https:\/\/portalraizesnoticias.com.br\/?p=10201#article\",\"isPartOf\":{\"@id\":\"https:\/\/portalraizesnoticias.com.br\/?p=10201\"},\"author\":{\"name\":\"Portal Raizes\",\"@id\":\"https:\/\/portalraizesnoticias.com.br\/#\/schema\/person\/a3ca6b0fc701e78df19756c417d943ae\"},\"headline\":\"Homem fica ferido ap\u00f3s ser esfaqueado na estrada do Bois em Concei\u00e7\u00e3o do Coit\u00e9\",\"datePublished\":\"2026-01-05T01:24:53+00:00\",\"dateModified\":\"2026-01-05T01:24:54+00:00\",\"mainEntityOfPage\":{\"@id\":\"https:\/\/portalraizesnoticias.com.br\/?p=10201\"},\"wordCount\":132,\"commentCount\":0,\"publisher\":{\"@id\":\"https:\/\/portalraizesnoticias.com.br\/#organization\"},\"image\":{\"@id\":\"https:\/\/portalraizesnoticias.com.br\/?p=10201#primaryimage\"},\"thumbnailUrl\":\"https:\/\/portalraizesnoticias.com.br\/wp-content\/uploads\/2026\/01\/IMG-20260104-WA0504.jpg\",\"articleSection\":[\"DESTAQUES\",\"POLICIA\",\"ULTIMAS NOTICIAS\"],\"inLanguage\":\"pt-BR\",\"potentialAction\":[{\"@type\":\"CommentAction\",\"name\":\"Comment\",\"target\":[\"https:\/\/portalraizesnoticias.com.br\/?p=10201#respond\"]}]},{\"@type\":\"WebPage\",\"@id\":\"https:\/\/portalraizesnoticias.com.br\/?p=10201\",\"url\":\"https:\/\/portalraizesnoticias.com.br\/?p=10201\",\"name\":\"Homem fica ferido ap\u00f3s ser esfaqueado na estrada do Bois em Concei\u00e7\u00e3o do Coit\u00e9 - Portal raizes noticias\",\"isPartOf\":{\"@id\":\"https:\/\/portalraizesnoticias.com.br\/#website\"},\"primaryImageOfPage\":{\"@id\":\"https:\/\/portalraizesnoticias.com.br\/?p=10201#primaryimage\"},\"image\":{\"@id\":\"https:\/\/portalraizesnoticias.com.br\/?p=10201#primaryimage\"},\"thumbnailUrl\":\"https:\/\/portalraizesnoticias.com.br\/wp-content\/uploads\/2026\/01\/IMG-20260104-WA0504.jpg\",\"datePublished\":\"2026-01-05T01:24:53+00:00\",\"dateModified\":\"2026-01-05T01:24:54+00:00\",\"breadcrumb\":{\"@id\":\"https:\/\/portalraizesnoticias.com.br\/?p=10201#breadcrumb\"},\"inLanguage\":\"pt-BR\",\"potentialAction\":[{\"@type\":\"ReadAction\",\"target\":[\"https:\/\/portalraizesnoticias.com.br\/?p=10201\"]}]},{\"@type\":\"ImageObject\",\"inLanguage\":\"pt-BR\",\"@id\":\"https:\/\/portalraizesnoticias.com.br\/?p=10201#primaryimage\",\"url\":\"https:\/\/portalraizesnoticias.com.br\/wp-content\/uploads\/2026\/01\/IMG-20260104-WA0504.jpg\",\"contentUrl\":\"https:\/\/portalraizesnoticias.com.br\/wp-content\/uploads\/2026\/01\/IMG-20260104-WA0504.jpg\",\"width\":960,\"height\":1280},{\"@type\":\"BreadcrumbList\",\"@id\":\"https:\/\/portalraizesnoticias.com.br\/?p=10201#breadcrumb\",\"itemListElement\":[{\"@type\":\"ListItem\",\"position\":1,\"name\":\"In\u00edcio\",\"item\":\"https:\/\/portalraizesnoticias.com.br\/\"},{\"@type\":\"ListItem\",\"position\":2,\"name\":\"Homem fica ferido ap\u00f3s ser esfaqueado na estrada do Bois em Concei\u00e7\u00e3o do Coit\u00e9\"}]},{\"@type\":\"WebSite\",\"@id\":\"https:\/\/portalraizesnoticias.com.br\/#website\",\"url\":\"https:\/\/portalraizesnoticias.com.br\/\",\"name\":\"Portal raizes NOTICIAS\",\"description\":\"site de noticias de concei\u00e7\u00e3o do coit\u00e9 e regi\u00e3o\",\"publisher\":{\"@id\":\"https:\/\/portalraizesnoticias.com.br\/#organization\"},\"alternateName\":\"PORTAL RAIZES COIT\u00c9\",\"potentialAction\":[{\"@type\":\"SearchAction\",\"target\":{\"@type\":\"EntryPoint\",\"urlTemplate\":\"https:\/\/portalraizesnoticias.com.br\/?s={search_term_string}\"},\"query-input\":{\"@type\":\"PropertyValueSpecification\",\"valueRequired\":true,\"valueName\":\"search_term_string\"}}],\"inLanguage\":\"pt-BR\"},{\"@type\":\"Organization\",\"@id\":\"https:\/\/portalraizesnoticias.com.br\/#organization\",\"name\":\"Portal raizes NOTICIAS\",\"url\":\"https:\/\/portalraizesnoticias.com.br\/\",\"logo\":{\"@type\":\"ImageObject\",\"inLanguage\":\"pt-BR\",\"@id\":\"https:\/\/portalraizesnoticias.com.br\/#\/schema\/logo\/image\/\",\"url\":\"https:\/\/portalraizesnoticias.com.br\/wp-content\/uploads\/2024\/09\/cropped-Captura-de-tela-2024-09-08-011108.png\",\"contentUrl\":\"https:\/\/portalraizesnoticias.com.br\/wp-content\/uploads\/2024\/09\/cropped-Captura-de-tela-2024-09-08-011108.png\",\"width\":606,\"height\":173,\"caption\":\"Portal raizes NOTICIAS\"},\"image\":{\"@id\":\"https:\/\/portalraizesnoticias.com.br\/#\/schema\/logo\/image\/\"}},{\"@type\":\"Person\",\"@id\":\"https:\/\/portalraizesnoticias.com.br\/#\/schema\/person\/a3ca6b0fc701e78df19756c417d943ae\",\"name\":\"Portal Raizes\",\"image\":{\"@type\":\"ImageObject\",\"inLanguage\":\"pt-BR\",\"@id\":\"https:\/\/portalraizesnoticias.com.br\/#\/schema\/person\/image\/\",\"url\":\"https:\/\/secure.gravatar.com\/avatar\/ef450d29013a3d3fba867a12a249d7b1?s=96&d=mm&r=g\",\"contentUrl\":\"https:\/\/secure.gravatar.com\/avatar\/ef450d29013a3d3fba867a12a249d7b1?s=96&d=mm&r=g\",\"caption\":\"Portal Raizes\"},\"url\":\"https:\/\/portalraizesnoticias.com.br\/?author=3\"}]}<\/script>\n<!-- \/ Yoast SEO plugin. -->","yoast_head_json":{"title":"Homem fica ferido ap\u00f3s ser esfaqueado na estrada do Bois em Concei\u00e7\u00e3o do Coit\u00e9 - Portal raizes noticias","robots":{"index":"index","follow":"follow","max-snippet":"max-snippet:-1","max-image-preview":"max-image-preview:large","max-video-preview":"max-video-preview:-1"},"canonical":"https:\/\/portalraizesnoticias.com.br\/?p=10201","og_locale":"pt_BR","og_type":"article","og_title":"Homem fica ferido ap\u00f3s ser esfaqueado na estrada do Bois em Concei\u00e7\u00e3o do Coit\u00e9 - Portal raizes noticias","og_description":"E. C. Z. ficou ferido ap\u00f3s ser atingido por uma facada na noite deste domingo (04), na estrada do Bois, zona rural de Concei\u00e7\u00e3o do Coit\u00e9. De acordo com informa\u00e7\u00f5es do coordenador do \u00c1guia Resgate, Gildo Carneiro, a v\u00edtima foi encontrada inconsciente e desorientada, apresentando lacera\u00e7\u00f5es nas m\u00e3os, no ombro e na boca. Ele recebeu os primeiros socorros ainda no local e, em seguida, foi encaminhado para a emerg\u00eancia do Hospital Portugu\u00eas de Coit\u00e9. Testemunhas relataram que, antes de esfaquear a v\u00edtima, o suspeito a teria derrubado da motocicleta ao atropel\u00e1-la com um carro, cometendo o crime em seguida. A Pol\u00edcia Militar foi acionada Reda\u00e7\u00e3o","og_url":"https:\/\/portalraizesnoticias.com.br\/?p=10201","og_site_name":"Portal raizes noticias","article_published_time":"2026-01-05T01:24:53+00:00","article_modified_time":"2026-01-05T01:24:54+00:00","og_image":[{"width":960,"height":1280,"url":"https:\/\/portalraizesnoticias.com.br\/wp-content\/uploads\/2026\/01\/IMG-20260104-WA0504.jpg","type":"image\/jpeg"}],"author":"Portal Raizes","twitter_card":"summary_large_image","twitter_misc":{"Escrito por":"Portal Raizes","Est. tempo de leitura":"1 minuto"},"schema":{"@context":"https:\/\/schema.org","@graph":[{"@type":"Article","@id":"https:\/\/portalraizesnoticias.com.br\/?p=10201#article","isPartOf":{"@id":"https:\/\/portalraizesnoticias.com.br\/?p=10201"},"author":{"name":"Portal Raizes","@id":"https:\/\/portalraizesnoticias.com.br\/#\/schema\/person\/a3ca6b0fc701e78df19756c417d943ae"},"headline":"Homem fica ferido ap\u00f3s ser esfaqueado na estrada do Bois em Concei\u00e7\u00e3o do Coit\u00e9","datePublished":"2026-01-05T01:24:53+00:00","dateModified":"2026-01-05T01:24:54+00:00","mainEntityOfPage":{"@id":"https:\/\/portalraizesnoticias.com.br\/?p=10201"},"wordCount":132,"commentCount":0,"publisher":{"@id":"https:\/\/portalraizesnoticias.com.br\/#organization"},"image":{"@id":"https:\/\/portalraizesnoticias.com.br\/?p=10201#primaryimage"},"thumbnailUrl":"https:\/\/portalraizesnoticias.com.br\/wp-content\/uploads\/2026\/01\/IMG-20260104-WA0504.jpg","articleSection":["DESTAQUES","POLICIA","ULTIMAS NOTICIAS"],"inLanguage":"pt-BR","potentialAction":[{"@type":"CommentAction","name":"Comment","target":["https:\/\/portalraizesnoticias.com.br\/?p=10201#respond"]}]},{"@type":"WebPage","@id":"https:\/\/portalraizesnoticias.com.br\/?p=10201","url":"https:\/\/portalraizesnoticias.com.br\/?p=10201","name":"Homem fica ferido ap\u00f3s ser esfaqueado na estrada do Bois em Concei\u00e7\u00e3o do Coit\u00e9 - Portal raizes noticias","isPartOf":{"@id":"https:\/\/portalraizesnoticias.com.br\/#website"},"primaryImageOfPage":{"@id":"https:\/\/portalraizesnoticias.com.br\/?p=10201#primaryimage"},"image":{"@id":"https:\/\/portalraizesnoticias.com.br\/?p=10201#primaryimage"},"thumbnailUrl":"https:\/\/portalraizesnoticias.com.br\/wp-content\/uploads\/2026\/01\/IMG-20260104-WA0504.jpg","datePublished":"2026-01-05T01:24:53+00:00","dateModified":"2026-01-05T01:24:54+00:00","breadcrumb":{"@id":"https:\/\/portalraizesnoticias.com.br\/?p=10201#breadcrumb"},"inLanguage":"pt-BR","potentialAction":[{"@type":"ReadAction","target":["https:\/\/portalraizesnoticias.com.br\/?p=10201"]}]},{"@type":"ImageObject","inLanguage":"pt-BR","@id":"https:\/\/portalraizesnoticias.com.br\/?p=10201#primaryimage","url":"https:\/\/portalraizesnoticias.com.br\/wp-content\/uploads\/2026\/01\/IMG-20260104-WA0504.jpg","contentUrl":"https:\/\/portalraizesnoticias.com.br\/wp-content\/uploads\/2026\/01\/IMG-20260104-WA0504.jpg","width":960,"height":1280},{"@type":"BreadcrumbList","@id":"https:\/\/portalraizesnoticias.com.br\/?p=10201#breadcrumb","itemListElement":[{"@type":"ListItem","position":1,"name":"In\u00edcio","item":"https:\/\/portalraizesnoticias.com.br\/"},{"@type":"ListItem","position":2,"name":"Homem fica ferido ap\u00f3s ser esfaqueado na estrada do Bois em Concei\u00e7\u00e3o do Coit\u00e9"}]},{"@type":"WebSite","@id":"https:\/\/portalraizesnoticias.com.br\/#website","url":"https:\/\/portalraizesnoticias.com.br\/","name":"Portal raizes NOTICIAS","description":"site de noticias de concei\u00e7\u00e3o do coit\u00e9 e regi\u00e3o","publisher":{"@id":"https:\/\/portalraizesnoticias.com.br\/#organization"},"alternateName":"PORTAL RAIZES COIT\u00c9","potentialAction":[{"@type":"SearchAction","target":{"@type":"EntryPoint","urlTemplate":"https:\/\/portalraizesnoticias.com.br\/?s={search_term_string}"},"query-input":{"@type":"PropertyValueSpecification","valueRequired":true,"valueName":"search_term_string"}}],"inLanguage":"pt-BR"},{"@type":"Organization","@id":"https:\/\/portalraizesnoticias.com.br\/#organization","name":"Portal raizes NOTICIAS","url":"https:\/\/portalraizesnoticias.com.br\/","logo":{"@type":"ImageObject","inLanguage":"pt-BR","@id":"https:\/\/portalraizesnoticias.com.br\/#\/schema\/logo\/image\/","url":"https:\/\/portalraizesnoticias.com.br\/wp-content\/uploads\/2024\/09\/cropped-Captura-de-tela-2024-09-08-011108.png","contentUrl":"https:\/\/portalraizesnoticias.com.br\/wp-content\/uploads\/2024\/09\/cropped-Captura-de-tela-2024-09-08-011108.png","width":606,"height":173,"caption":"Portal raizes NOTICIAS"},"image":{"@id":"https:\/\/portalraizesnoticias.com.br\/#\/schema\/logo\/image\/"}},{"@type":"Person","@id":"https:\/\/portalraizesnoticias.com.br\/#\/schema\/person\/a3ca6b0fc701e78df19756c417d943ae","name":"Portal Raizes","image":{"@type":"ImageObject","inLanguage":"pt-BR","@id":"https:\/\/portalraizesnoticias.com.br\/#\/schema\/person\/image\/","url":"https:\/\/secure.gravatar.com\/avatar\/ef450d29013a3d3fba867a12a249d7b1?s=96&d=mm&r=g","contentUrl":"https:\/\/secure.gravatar.com\/avatar\/ef450d29013a3d3fba867a12a249d7b1?s=96&d=mm&r=g","caption":"Portal Raizes"},"url":"https:\/\/portalraizesnoticias.com.br\/?author=3"}]}},"_links":{"self":[{"href":"https:\/\/portalraizesnoticias.com.br\/index.php?rest_route=\/wp\/v2\/posts\/10201"}],"collection":[{"href":"https:\/\/portalraizesnoticias.com.br\/index.php?rest_route=\/wp\/v2\/posts"}],"about":[{"href":"https:\/\/portalraizesnoticias.com.br\/index.php?rest_route=\/wp\/v2\/types\/post"}],"author":[{"embeddable":true,"href":"https:\/\/portalraizesnoticias.com.br\/index.php?rest_route=\/wp\/v2\/users\/3"}],"replies":[{"embeddable":true,"href":"https:\/\/portalraizesnoticias.com.br\/index.php?rest_route=%2Fwp%2Fv2%2Fcomments&post=10201"}],"version-history":[{"count":1,"href":"https:\/\/portalraizesnoticias.com.br\/index.php?rest_route=\/wp\/v2\/posts\/10201\/revisions"}],"predecessor-version":[{"id":10203,"href":"https:\/\/portalraizesnoticias.com.br\/index.php?rest_route=\/wp\/v2\/posts\/10201\/revisions\/10203"}],"wp:featuredmedia":[{"embeddable":true,"href":"https:\/\/portalraizesnoticias.com.br\/index.php?rest_route=\/wp\/v2\/media\/10202"}],"wp:attachment":[{"href":"https:\/\/portalraizesnoticias.com.br\/index.php?rest_route=%2Fwp%2Fv2%2Fmedia&parent=10201"}],"wp:term":[{"taxonomy":"category","embeddable":true,"href":"https:\/\/portalraizesnoticias.com.br\/index.php?rest_route=%2Fwp%2Fv2%2Fcategories&post=10201"},{"taxonomy":"post_tag","embeddable":true,"href":"https:\/\/portalraizesnoticias.com.br\/index.php?rest_route=%2Fwp%2Fv2%2Ftags&post=10201"}],"curies":[{"name":"wp","href":"https:\/\/api.w.org\/{rel}","templated":true}]}}