{"id":10152,"date":"2025-12-28T21:14:17","date_gmt":"2025-12-29T00:14:17","guid":{"rendered":"https:\/\/portalraizesnoticias.com.br\/?p=10152"},"modified":"2025-12-28T21:21:17","modified_gmt":"2025-12-29T00:21:17","slug":"colisao-entre-motos-deixa-quatro-feridos-na-zona-rural-de-conceicao-do-coite-uma-das-vitimas-tem-suspeita-de-fratura-no-cranio","status":"publish","type":"post","link":"https:\/\/portalraizesnoticias.com.br\/?p=10152","title":{"rendered":"Colis\u00e3o entre motos deixa quatro feridos na zona rural de Concei\u00e7\u00e3o do Coit\u00e9; uma das v\u00edtimas tem suspeita de fratura no cr\u00e2nio"},"content":{"rendered":"<p>Quatro pessoas ficaram feridas na noite deste domingo (28) ap\u00f3s uma colis\u00e3o entre motocicletas na estrada que liga o povoado Boa Vista ao A\u00e7ude da mesma localidade.<\/p>\n<p><!--more--><img fetchpriority=\"high\" decoding=\"async\" class=\"size-medium wp-image-8641 aligncenter\" src=\"https:\/\/portalraizesnoticias.com.br\/wp-content\/uploads\/2025\/10\/WhatsApp-Image-2025-10-02-at-08.27.18-300x229.jpeg\" alt=\"\" width=\"300\" height=\"229\" srcset=\"https:\/\/portalraizesnoticias.com.br\/wp-content\/uploads\/2025\/10\/WhatsApp-Image-2025-10-02-at-08.27.18-300x229.jpeg 300w, https:\/\/portalraizesnoticias.com.br\/wp-content\/uploads\/2025\/10\/WhatsApp-Image-2025-10-02-at-08.27.18.jpeg 752w\" sizes=\"(max-width: 300px) 100vw, 300px\" \/><\/p>\n<p style=\"text-align: center;\"><strong>PUBLICIDADE<\/strong><\/p>\n<p>As v\u00edtimas foram identificadas como R. Carneiro, residente no povoado Nova Palmares; A. L. P., de 15 anos, morador do povoado Bela Vista; M. Lopes dos Santos, de 26 anos; al\u00e9m de uma mulher, cujo nome e estado de sa\u00fade n\u00e3o foram divulgados.<\/p>\n<p><img decoding=\"async\" class=\"size-medium wp-image-8006 aligncenter\" src=\"https:\/\/portalraizesnoticias.com.br\/wp-content\/uploads\/2025\/09\/IMG-20250902-WA0020-300x296.jpg\" alt=\"\" width=\"300\" height=\"296\" srcset=\"https:\/\/portalraizesnoticias.com.br\/wp-content\/uploads\/2025\/09\/IMG-20250902-WA0020-300x296.jpg 300w, https:\/\/portalraizesnoticias.com.br\/wp-content\/uploads\/2025\/09\/IMG-20250902-WA0020-1024x1009.jpg 1024w, https:\/\/portalraizesnoticias.com.br\/wp-content\/uploads\/2025\/09\/IMG-20250902-WA0020-768x757.jpg 768w, https:\/\/portalraizesnoticias.com.br\/wp-content\/uploads\/2025\/09\/IMG-20250902-WA0020.jpg 1080w\" sizes=\"(max-width: 300px) 100vw, 300px\" \/><\/p>\n<p style=\"text-align: center;\"><strong>PUBLICIDADE<\/strong><\/p>\n<p>De acordo com informa\u00e7\u00f5es do coordenador do \u00c1guia Resgate, Gildo Carneiro, M. Lopes dos Santos foi encontrado consciente e orientado, apresentando suspeita de fratura no cr\u00e2nio.<\/p>\n<p>Ele recebeu os primeiros atendimentos ainda no local do acidente e, em seguida, foi encaminhado ao Hospital Portugu\u00eas, onde permanece internado e dever\u00e1 ser transferido devido \u00e0 gravidade do quadro cl\u00ednico.<\/p>\n<p>A segunda v\u00edtima, A. L. P., de 15 anos, sobrinho de M. Lopes dos Santos, estava na garupa da motocicleta e sofreu escoria\u00e7\u00f5es pelo corpo.<\/p>\n<p>O terceiro envolvido, R. Carneiro, tamb\u00e9m foi encontrado consciente e orientado, com suspeita de fratura em um dos bra\u00e7os.<\/p>\n<p><img decoding=\"async\" class=\"size-medium wp-image-7771 aligncenter\" src=\"https:\/\/portalraizesnoticias.com.br\/wp-content\/uploads\/2025\/08\/IMG-20250814-WA05541-300x289.jpg\" alt=\"\" width=\"300\" height=\"289\" srcset=\"https:\/\/portalraizesnoticias.com.br\/wp-content\/uploads\/2025\/08\/IMG-20250814-WA05541-300x289.jpg 300w, https:\/\/portalraizesnoticias.com.br\/wp-content\/uploads\/2025\/08\/IMG-20250814-WA05541-1024x988.jpg 1024w, https:\/\/portalraizesnoticias.com.br\/wp-content\/uploads\/2025\/08\/IMG-20250814-WA05541-768x741.jpg 768w, https:\/\/portalraizesnoticias.com.br\/wp-content\/uploads\/2025\/08\/IMG-20250814-WA05541.jpg 1180w\" sizes=\"(max-width: 300px) 100vw, 300px\" \/><\/p>\n<p style=\"text-align: center;\"><strong>PUBLICIDADE<\/strong><\/p>\n<p>A quarta v\u00edtima foi socorrida por outra equipe de sa\u00fade. At\u00e9 o momento, n\u00e3o h\u00e1 informa\u00e7\u00f5es oficiais sobre seu estado de sa\u00fade.<\/p>\n<p>As circunst\u00e2ncias do acidente ainda n\u00e3o foram esclarecidas.<\/p>\n<p>Reda\u00e7\u00e3o com informa\u00e7\u00f5es e fotos \u00c1guia Resgate<\/p>\n","protected":false},"excerpt":{"rendered":"<p>Quatro pessoas ficaram feridas na noite deste domingo (28) ap\u00f3s uma colis\u00e3o entre motocicletas na estrada que liga o povoado Boa Vista ao A\u00e7ude da mesma localidade.<\/p>\n","protected":false},"author":3,"featured_media":10154,"comment_status":"open","ping_status":"open","sticky":false,"template":"","format":"standard","meta":{"_joinchat":[],"footnotes":""},"categories":[58,55,59],"tags":[139,1194],"class_list":["post-10152","post","type-post","status-publish","format-standard","has-post-thumbnail","hentry","category-acidentes","category-destaques","category-ultimas-noticias","tag-acidente","tag-coite-2"],"yoast_head":"<!-- This site is optimized with the Yoast SEO plugin v24.4 - https:\/\/yoast.com\/wordpress\/plugins\/seo\/ -->\n<title>Colis\u00e3o entre motos deixa quatro feridos na zona rural de Concei\u00e7\u00e3o do Coit\u00e9; uma das v\u00edtimas tem suspeita de fratura no cr\u00e2nio - Portal raizes noticias<\/title>\n<meta name=\"robots\" content=\"index, follow, max-snippet:-1, max-image-preview:large, max-video-preview:-1\" \/>\n<link rel=\"canonical\" href=\"https:\/\/portalraizesnoticias.com.br\/?p=10152\" \/>\n<meta property=\"og:locale\" content=\"pt_BR\" \/>\n<meta property=\"og:type\" content=\"article\" \/>\n<meta property=\"og:title\" content=\"Colis\u00e3o entre motos deixa quatro feridos na zona rural de Concei\u00e7\u00e3o do Coit\u00e9; uma das v\u00edtimas tem suspeita de fratura no cr\u00e2nio - Portal raizes noticias\" \/>\n<meta property=\"og:description\" content=\"Quatro pessoas ficaram feridas na noite deste domingo (28) ap\u00f3s uma colis\u00e3o entre motocicletas na estrada que liga o povoado Boa Vista ao A\u00e7ude da mesma localidade.\" \/>\n<meta property=\"og:url\" content=\"https:\/\/portalraizesnoticias.com.br\/?p=10152\" \/>\n<meta property=\"og:site_name\" content=\"Portal raizes noticias\" \/>\n<meta property=\"article:published_time\" content=\"2025-12-29T00:14:17+00:00\" \/>\n<meta property=\"article:modified_time\" content=\"2025-12-29T00:21:17+00:00\" \/>\n<meta property=\"og:image\" content=\"https:\/\/portalraizesnoticias.com.br\/wp-content\/uploads\/2025\/12\/IMG-20251228-WA0272.jpg\" \/>\n\t<meta property=\"og:image:width\" content=\"1600\" \/>\n\t<meta property=\"og:image:height\" content=\"1200\" \/>\n\t<meta property=\"og:image:type\" content=\"image\/jpeg\" \/>\n<meta name=\"author\" content=\"Portal Raizes\" \/>\n<meta name=\"twitter:card\" content=\"summary_large_image\" \/>\n<meta name=\"twitter:label1\" content=\"Escrito por\" \/>\n\t<meta name=\"twitter:data1\" content=\"Portal Raizes\" \/>\n\t<meta name=\"twitter:label2\" content=\"Est. tempo de leitura\" \/>\n\t<meta name=\"twitter:data2\" content=\"2 minutos\" \/>\n<script type=\"application\/ld+json\" class=\"yoast-schema-graph\">{\"@context\":\"https:\/\/schema.org\",\"@graph\":[{\"@type\":\"Article\",\"@id\":\"https:\/\/portalraizesnoticias.com.br\/?p=10152#article\",\"isPartOf\":{\"@id\":\"https:\/\/portalraizesnoticias.com.br\/?p=10152\"},\"author\":{\"name\":\"Portal Raizes\",\"@id\":\"https:\/\/portalraizesnoticias.com.br\/#\/schema\/person\/a3ca6b0fc701e78df19756c417d943ae\"},\"headline\":\"Colis\u00e3o entre motos deixa quatro feridos na zona rural de Concei\u00e7\u00e3o do Coit\u00e9; uma das v\u00edtimas tem suspeita de fratura no cr\u00e2nio\",\"datePublished\":\"2025-12-29T00:14:17+00:00\",\"dateModified\":\"2025-12-29T00:21:17+00:00\",\"mainEntityOfPage\":{\"@id\":\"https:\/\/portalraizesnoticias.com.br\/?p=10152\"},\"wordCount\":256,\"commentCount\":0,\"publisher\":{\"@id\":\"https:\/\/portalraizesnoticias.com.br\/#organization\"},\"image\":{\"@id\":\"https:\/\/portalraizesnoticias.com.br\/?p=10152#primaryimage\"},\"thumbnailUrl\":\"https:\/\/portalraizesnoticias.com.br\/wp-content\/uploads\/2025\/12\/IMG-20251228-WA0272.jpg\",\"keywords\":[\"Acidente\",\"Coite\"],\"articleSection\":[\"ACIDENTES\",\"DESTAQUES\",\"ULTIMAS NOTICIAS\"],\"inLanguage\":\"pt-BR\",\"potentialAction\":[{\"@type\":\"CommentAction\",\"name\":\"Comment\",\"target\":[\"https:\/\/portalraizesnoticias.com.br\/?p=10152#respond\"]}]},{\"@type\":\"WebPage\",\"@id\":\"https:\/\/portalraizesnoticias.com.br\/?p=10152\",\"url\":\"https:\/\/portalraizesnoticias.com.br\/?p=10152\",\"name\":\"Colis\u00e3o entre motos deixa quatro feridos na zona rural de Concei\u00e7\u00e3o do Coit\u00e9; uma das v\u00edtimas tem suspeita de fratura no cr\u00e2nio - Portal raizes noticias\",\"isPartOf\":{\"@id\":\"https:\/\/portalraizesnoticias.com.br\/#website\"},\"primaryImageOfPage\":{\"@id\":\"https:\/\/portalraizesnoticias.com.br\/?p=10152#primaryimage\"},\"image\":{\"@id\":\"https:\/\/portalraizesnoticias.com.br\/?p=10152#primaryimage\"},\"thumbnailUrl\":\"https:\/\/portalraizesnoticias.com.br\/wp-content\/uploads\/2025\/12\/IMG-20251228-WA0272.jpg\",\"datePublished\":\"2025-12-29T00:14:17+00:00\",\"dateModified\":\"2025-12-29T00:21:17+00:00\",\"breadcrumb\":{\"@id\":\"https:\/\/portalraizesnoticias.com.br\/?p=10152#breadcrumb\"},\"inLanguage\":\"pt-BR\",\"potentialAction\":[{\"@type\":\"ReadAction\",\"target\":[\"https:\/\/portalraizesnoticias.com.br\/?p=10152\"]}]},{\"@type\":\"ImageObject\",\"inLanguage\":\"pt-BR\",\"@id\":\"https:\/\/portalraizesnoticias.com.br\/?p=10152#primaryimage\",\"url\":\"https:\/\/portalraizesnoticias.com.br\/wp-content\/uploads\/2025\/12\/IMG-20251228-WA0272.jpg\",\"contentUrl\":\"https:\/\/portalraizesnoticias.com.br\/wp-content\/uploads\/2025\/12\/IMG-20251228-WA0272.jpg\",\"width\":1600,\"height\":1200},{\"@type\":\"BreadcrumbList\",\"@id\":\"https:\/\/portalraizesnoticias.com.br\/?p=10152#breadcrumb\",\"itemListElement\":[{\"@type\":\"ListItem\",\"position\":1,\"name\":\"In\u00edcio\",\"item\":\"https:\/\/portalraizesnoticias.com.br\/\"},{\"@type\":\"ListItem\",\"position\":2,\"name\":\"Colis\u00e3o entre motos deixa quatro feridos na zona rural de Concei\u00e7\u00e3o do Coit\u00e9; uma das v\u00edtimas tem suspeita de fratura no cr\u00e2nio\"}]},{\"@type\":\"WebSite\",\"@id\":\"https:\/\/portalraizesnoticias.com.br\/#website\",\"url\":\"https:\/\/portalraizesnoticias.com.br\/\",\"name\":\"Portal raizes NOTICIAS\",\"description\":\"site de noticias de concei\u00e7\u00e3o do coit\u00e9 e regi\u00e3o\",\"publisher\":{\"@id\":\"https:\/\/portalraizesnoticias.com.br\/#organization\"},\"alternateName\":\"PORTAL RAIZES COIT\u00c9\",\"potentialAction\":[{\"@type\":\"SearchAction\",\"target\":{\"@type\":\"EntryPoint\",\"urlTemplate\":\"https:\/\/portalraizesnoticias.com.br\/?s={search_term_string}\"},\"query-input\":{\"@type\":\"PropertyValueSpecification\",\"valueRequired\":true,\"valueName\":\"search_term_string\"}}],\"inLanguage\":\"pt-BR\"},{\"@type\":\"Organization\",\"@id\":\"https:\/\/portalraizesnoticias.com.br\/#organization\",\"name\":\"Portal raizes NOTICIAS\",\"url\":\"https:\/\/portalraizesnoticias.com.br\/\",\"logo\":{\"@type\":\"ImageObject\",\"inLanguage\":\"pt-BR\",\"@id\":\"https:\/\/portalraizesnoticias.com.br\/#\/schema\/logo\/image\/\",\"url\":\"https:\/\/portalraizesnoticias.com.br\/wp-content\/uploads\/2024\/09\/cropped-Captura-de-tela-2024-09-08-011108.png\",\"contentUrl\":\"https:\/\/portalraizesnoticias.com.br\/wp-content\/uploads\/2024\/09\/cropped-Captura-de-tela-2024-09-08-011108.png\",\"width\":606,\"height\":173,\"caption\":\"Portal raizes NOTICIAS\"},\"image\":{\"@id\":\"https:\/\/portalraizesnoticias.com.br\/#\/schema\/logo\/image\/\"}},{\"@type\":\"Person\",\"@id\":\"https:\/\/portalraizesnoticias.com.br\/#\/schema\/person\/a3ca6b0fc701e78df19756c417d943ae\",\"name\":\"Portal Raizes\",\"image\":{\"@type\":\"ImageObject\",\"inLanguage\":\"pt-BR\",\"@id\":\"https:\/\/portalraizesnoticias.com.br\/#\/schema\/person\/image\/\",\"url\":\"https:\/\/secure.gravatar.com\/avatar\/ef450d29013a3d3fba867a12a249d7b1?s=96&d=mm&r=g\",\"contentUrl\":\"https:\/\/secure.gravatar.com\/avatar\/ef450d29013a3d3fba867a12a249d7b1?s=96&d=mm&r=g\",\"caption\":\"Portal Raizes\"},\"url\":\"https:\/\/portalraizesnoticias.com.br\/?author=3\"}]}<\/script>\n<!-- \/ Yoast SEO plugin. -->","yoast_head_json":{"title":"Colis\u00e3o entre motos deixa quatro feridos na zona rural de Concei\u00e7\u00e3o do Coit\u00e9; uma das v\u00edtimas tem suspeita de fratura no cr\u00e2nio - Portal raizes noticias","robots":{"index":"index","follow":"follow","max-snippet":"max-snippet:-1","max-image-preview":"max-image-preview:large","max-video-preview":"max-video-preview:-1"},"canonical":"https:\/\/portalraizesnoticias.com.br\/?p=10152","og_locale":"pt_BR","og_type":"article","og_title":"Colis\u00e3o entre motos deixa quatro feridos na zona rural de Concei\u00e7\u00e3o do Coit\u00e9; uma das v\u00edtimas tem suspeita de fratura no cr\u00e2nio - Portal raizes noticias","og_description":"Quatro pessoas ficaram feridas na noite deste domingo (28) ap\u00f3s uma colis\u00e3o entre motocicletas na estrada que liga o povoado Boa Vista ao A\u00e7ude da mesma localidade.","og_url":"https:\/\/portalraizesnoticias.com.br\/?p=10152","og_site_name":"Portal raizes noticias","article_published_time":"2025-12-29T00:14:17+00:00","article_modified_time":"2025-12-29T00:21:17+00:00","og_image":[{"width":1600,"height":1200,"url":"https:\/\/portalraizesnoticias.com.br\/wp-content\/uploads\/2025\/12\/IMG-20251228-WA0272.jpg","type":"image\/jpeg"}],"author":"Portal Raizes","twitter_card":"summary_large_image","twitter_misc":{"Escrito por":"Portal Raizes","Est. tempo de leitura":"2 minutos"},"schema":{"@context":"https:\/\/schema.org","@graph":[{"@type":"Article","@id":"https:\/\/portalraizesnoticias.com.br\/?p=10152#article","isPartOf":{"@id":"https:\/\/portalraizesnoticias.com.br\/?p=10152"},"author":{"name":"Portal Raizes","@id":"https:\/\/portalraizesnoticias.com.br\/#\/schema\/person\/a3ca6b0fc701e78df19756c417d943ae"},"headline":"Colis\u00e3o entre motos deixa quatro feridos na zona rural de Concei\u00e7\u00e3o do Coit\u00e9; uma das v\u00edtimas tem suspeita de fratura no cr\u00e2nio","datePublished":"2025-12-29T00:14:17+00:00","dateModified":"2025-12-29T00:21:17+00:00","mainEntityOfPage":{"@id":"https:\/\/portalraizesnoticias.com.br\/?p=10152"},"wordCount":256,"commentCount":0,"publisher":{"@id":"https:\/\/portalraizesnoticias.com.br\/#organization"},"image":{"@id":"https:\/\/portalraizesnoticias.com.br\/?p=10152#primaryimage"},"thumbnailUrl":"https:\/\/portalraizesnoticias.com.br\/wp-content\/uploads\/2025\/12\/IMG-20251228-WA0272.jpg","keywords":["Acidente","Coite"],"articleSection":["ACIDENTES","DESTAQUES","ULTIMAS NOTICIAS"],"inLanguage":"pt-BR","potentialAction":[{"@type":"CommentAction","name":"Comment","target":["https:\/\/portalraizesnoticias.com.br\/?p=10152#respond"]}]},{"@type":"WebPage","@id":"https:\/\/portalraizesnoticias.com.br\/?p=10152","url":"https:\/\/portalraizesnoticias.com.br\/?p=10152","name":"Colis\u00e3o entre motos deixa quatro feridos na zona rural de Concei\u00e7\u00e3o do Coit\u00e9; uma das v\u00edtimas tem suspeita de fratura no cr\u00e2nio - Portal raizes noticias","isPartOf":{"@id":"https:\/\/portalraizesnoticias.com.br\/#website"},"primaryImageOfPage":{"@id":"https:\/\/portalraizesnoticias.com.br\/?p=10152#primaryimage"},"image":{"@id":"https:\/\/portalraizesnoticias.com.br\/?p=10152#primaryimage"},"thumbnailUrl":"https:\/\/portalraizesnoticias.com.br\/wp-content\/uploads\/2025\/12\/IMG-20251228-WA0272.jpg","datePublished":"2025-12-29T00:14:17+00:00","dateModified":"2025-12-29T00:21:17+00:00","breadcrumb":{"@id":"https:\/\/portalraizesnoticias.com.br\/?p=10152#breadcrumb"},"inLanguage":"pt-BR","potentialAction":[{"@type":"ReadAction","target":["https:\/\/portalraizesnoticias.com.br\/?p=10152"]}]},{"@type":"ImageObject","inLanguage":"pt-BR","@id":"https:\/\/portalraizesnoticias.com.br\/?p=10152#primaryimage","url":"https:\/\/portalraizesnoticias.com.br\/wp-content\/uploads\/2025\/12\/IMG-20251228-WA0272.jpg","contentUrl":"https:\/\/portalraizesnoticias.com.br\/wp-content\/uploads\/2025\/12\/IMG-20251228-WA0272.jpg","width":1600,"height":1200},{"@type":"BreadcrumbList","@id":"https:\/\/portalraizesnoticias.com.br\/?p=10152#breadcrumb","itemListElement":[{"@type":"ListItem","position":1,"name":"In\u00edcio","item":"https:\/\/portalraizesnoticias.com.br\/"},{"@type":"ListItem","position":2,"name":"Colis\u00e3o entre motos deixa quatro feridos na zona rural de Concei\u00e7\u00e3o do Coit\u00e9; uma das v\u00edtimas tem suspeita de fratura no cr\u00e2nio"}]},{"@type":"WebSite","@id":"https:\/\/portalraizesnoticias.com.br\/#website","url":"https:\/\/portalraizesnoticias.com.br\/","name":"Portal raizes NOTICIAS","description":"site de noticias de concei\u00e7\u00e3o do coit\u00e9 e regi\u00e3o","publisher":{"@id":"https:\/\/portalraizesnoticias.com.br\/#organization"},"alternateName":"PORTAL RAIZES COIT\u00c9","potentialAction":[{"@type":"SearchAction","target":{"@type":"EntryPoint","urlTemplate":"https:\/\/portalraizesnoticias.com.br\/?s={search_term_string}"},"query-input":{"@type":"PropertyValueSpecification","valueRequired":true,"valueName":"search_term_string"}}],"inLanguage":"pt-BR"},{"@type":"Organization","@id":"https:\/\/portalraizesnoticias.com.br\/#organization","name":"Portal raizes NOTICIAS","url":"https:\/\/portalraizesnoticias.com.br\/","logo":{"@type":"ImageObject","inLanguage":"pt-BR","@id":"https:\/\/portalraizesnoticias.com.br\/#\/schema\/logo\/image\/","url":"https:\/\/portalraizesnoticias.com.br\/wp-content\/uploads\/2024\/09\/cropped-Captura-de-tela-2024-09-08-011108.png","contentUrl":"https:\/\/portalraizesnoticias.com.br\/wp-content\/uploads\/2024\/09\/cropped-Captura-de-tela-2024-09-08-011108.png","width":606,"height":173,"caption":"Portal raizes NOTICIAS"},"image":{"@id":"https:\/\/portalraizesnoticias.com.br\/#\/schema\/logo\/image\/"}},{"@type":"Person","@id":"https:\/\/portalraizesnoticias.com.br\/#\/schema\/person\/a3ca6b0fc701e78df19756c417d943ae","name":"Portal Raizes","image":{"@type":"ImageObject","inLanguage":"pt-BR","@id":"https:\/\/portalraizesnoticias.com.br\/#\/schema\/person\/image\/","url":"https:\/\/secure.gravatar.com\/avatar\/ef450d29013a3d3fba867a12a249d7b1?s=96&d=mm&r=g","contentUrl":"https:\/\/secure.gravatar.com\/avatar\/ef450d29013a3d3fba867a12a249d7b1?s=96&d=mm&r=g","caption":"Portal Raizes"},"url":"https:\/\/portalraizesnoticias.com.br\/?author=3"}]}},"_links":{"self":[{"href":"https:\/\/portalraizesnoticias.com.br\/index.php?rest_route=\/wp\/v2\/posts\/10152"}],"collection":[{"href":"https:\/\/portalraizesnoticias.com.br\/index.php?rest_route=\/wp\/v2\/posts"}],"about":[{"href":"https:\/\/portalraizesnoticias.com.br\/index.php?rest_route=\/wp\/v2\/types\/post"}],"author":[{"embeddable":true,"href":"https:\/\/portalraizesnoticias.com.br\/index.php?rest_route=\/wp\/v2\/users\/3"}],"replies":[{"embeddable":true,"href":"https:\/\/portalraizesnoticias.com.br\/index.php?rest_route=%2Fwp%2Fv2%2Fcomments&post=10152"}],"version-history":[{"count":3,"href":"https:\/\/portalraizesnoticias.com.br\/index.php?rest_route=\/wp\/v2\/posts\/10152\/revisions"}],"predecessor-version":[{"id":10156,"href":"https:\/\/portalraizesnoticias.com.br\/index.php?rest_route=\/wp\/v2\/posts\/10152\/revisions\/10156"}],"wp:featuredmedia":[{"embeddable":true,"href":"https:\/\/portalraizesnoticias.com.br\/index.php?rest_route=\/wp\/v2\/media\/10154"}],"wp:attachment":[{"href":"https:\/\/portalraizesnoticias.com.br\/index.php?rest_route=%2Fwp%2Fv2%2Fmedia&parent=10152"}],"wp:term":[{"taxonomy":"category","embeddable":true,"href":"https:\/\/portalraizesnoticias.com.br\/index.php?rest_route=%2Fwp%2Fv2%2Fcategories&post=10152"},{"taxonomy":"post_tag","embeddable":true,"href":"https:\/\/portalraizesnoticias.com.br\/index.php?rest_route=%2Fwp%2Fv2%2Ftags&post=10152"}],"curies":[{"name":"wp","href":"https:\/\/api.w.org\/{rel}","templated":true}]}}