{"id":10143,"date":"2025-12-28T19:50:39","date_gmt":"2025-12-28T22:50:39","guid":{"rendered":"https:\/\/portalraizesnoticias.com.br\/?p=10143"},"modified":"2025-12-28T21:22:06","modified_gmt":"2025-12-29T00:22:06","slug":"minha-filha-grita-de-dor-diz-mae-apos-acidente-entre-motos-em-conceicao-do-coite-ela-sofreu-fratura-no-pe-e-a-garota-teve-fratura-na-clavicula","status":"publish","type":"post","link":"https:\/\/portalraizesnoticias.com.br\/?p=10143","title":{"rendered":"\u201cMinha filha grita de dor\u201d, diz m\u00e3e ap\u00f3s acidente entre motos em Concei\u00e7\u00e3o do Coit\u00e9; ela sofreu fratura no p\u00e9 e a garota teve fratura na clav\u00edcula"},"content":{"rendered":"<p><a href=\"https:\/\/portalraizesnoticias.com.br\/colisao-entre-motocicletas-deixa-menina-de-11-anos-e-dois-adultos-feridos-no-centro-de-conceicao-do-coite\/\">Ap\u00f3s o acidente envolvendo duas motocicletas na pra\u00e7a dos postos de combust\u00edveis, na noite de ontem (27), no centro de Concei\u00e7\u00e3o do Coit\u00e9, que deixou tr\u00eas pessoas feridas, entre elas uma menina de 11 anos,<\/a> a m\u00e3e da crian\u00e7a concedeu entrevista \u00e0 jornalista Rafaela Rodrigues e detalhou o estado de sa\u00fade dela e da filha.<\/p>\n<p><img fetchpriority=\"high\" decoding=\"async\" class=\"size-medium wp-image-10147 aligncenter\" src=\"https:\/\/portalraizesnoticias.com.br\/wp-content\/uploads\/2025\/12\/IMG-20251228-WA0232-169x300.jpg\" alt=\"\" width=\"169\" height=\"300\" srcset=\"https:\/\/portalraizesnoticias.com.br\/wp-content\/uploads\/2025\/12\/IMG-20251228-WA0232-169x300.jpg 169w, https:\/\/portalraizesnoticias.com.br\/wp-content\/uploads\/2025\/12\/IMG-20251228-WA0232-576x1024.jpg 576w, https:\/\/portalraizesnoticias.com.br\/wp-content\/uploads\/2025\/12\/IMG-20251228-WA0232.jpg 720w\" sizes=\"(max-width: 169px) 100vw, 169px\" \/><\/p>\n<p>Inicialmente, a suspeita era de que a condutora, identificada como Dany Hon\u00f3rio, tivesse sofrido apenas ferimentos leves.<\/p>\n<p>No entanto, ap\u00f3s a realiza\u00e7\u00e3o de exames de imagem no hospital, foi constatada fratura em um dos p\u00e9s.<\/p>\n<p><img decoding=\"async\" class=\"size-medium wp-image-10121 aligncenter\" src=\"https:\/\/portalraizesnoticias.com.br\/wp-content\/uploads\/2025\/12\/IMG-20251227-WA0329-300x225.jpg\" alt=\"\" width=\"300\" height=\"225\" srcset=\"https:\/\/portalraizesnoticias.com.br\/wp-content\/uploads\/2025\/12\/IMG-20251227-WA0329-300x225.jpg 300w, https:\/\/portalraizesnoticias.com.br\/wp-content\/uploads\/2025\/12\/IMG-20251227-WA0329-1024x768.jpg 1024w, https:\/\/portalraizesnoticias.com.br\/wp-content\/uploads\/2025\/12\/IMG-20251227-WA0329-768x576.jpg 768w, https:\/\/portalraizesnoticias.com.br\/wp-content\/uploads\/2025\/12\/IMG-20251227-WA0329-1536x1152.jpg 1536w, https:\/\/portalraizesnoticias.com.br\/wp-content\/uploads\/2025\/12\/IMG-20251227-WA0329.jpg 1600w\" sizes=\"(max-width: 300px) 100vw, 300px\" \/><\/p>\n<p>J\u00e1 a filha, de 11 anos, teve fratura na clav\u00edcula confirmada, o que agravou ainda mais a situa\u00e7\u00e3o da fam\u00edlia.<\/p>\n<p>O caso se torna ainda mais delicado porque a coiteense trabalha como secret\u00e1ria do lar e depende exclusivamente dessa renda para o sustento da casa.<\/p>\n<p><img decoding=\"async\" class=\"size-medium wp-image-8641 aligncenter\" src=\"https:\/\/portalraizesnoticias.com.br\/wp-content\/uploads\/2025\/10\/WhatsApp-Image-2025-10-02-at-08.27.18-300x229.jpeg\" alt=\"\" width=\"300\" height=\"229\" srcset=\"https:\/\/portalraizesnoticias.com.br\/wp-content\/uploads\/2025\/10\/WhatsApp-Image-2025-10-02-at-08.27.18-300x229.jpeg 300w, https:\/\/portalraizesnoticias.com.br\/wp-content\/uploads\/2025\/10\/WhatsApp-Image-2025-10-02-at-08.27.18.jpeg 752w\" sizes=\"(max-width: 300px) 100vw, 300px\" \/><\/p>\n<p style=\"text-align: center;\"><strong>PUBLICIDADE<\/strong><\/p>\n<p>Com a fratura, ela precisar\u00e1 permanecer afastada das atividades por alguns dias, o que impacta diretamente sua condi\u00e7\u00e3o financeira.<\/p>\n<p>Segundo a m\u00e3e da crian\u00e7a, a colis\u00e3o teria sido supostamente provocada pela imprud\u00eancia do condutor da outra motocicleta, que trafegava no sentido oposto, supostamente de forma irregular.<\/p>\n<p><img loading=\"lazy\" decoding=\"async\" class=\"size-medium wp-image-8289 aligncenter\" src=\"https:\/\/portalraizesnoticias.com.br\/wp-content\/uploads\/2025\/09\/IMG-20250918-WA0124-300x300.jpg\" alt=\"\" width=\"300\" height=\"300\" srcset=\"https:\/\/portalraizesnoticias.com.br\/wp-content\/uploads\/2025\/09\/IMG-20250918-WA0124-300x300.jpg 300w, https:\/\/portalraizesnoticias.com.br\/wp-content\/uploads\/2025\/09\/IMG-20250918-WA0124-150x150.jpg 150w, https:\/\/portalraizesnoticias.com.br\/wp-content\/uploads\/2025\/09\/IMG-20250918-WA0124-768x768.jpg 768w, https:\/\/portalraizesnoticias.com.br\/wp-content\/uploads\/2025\/09\/IMG-20250918-WA0124.jpg 1000w\" sizes=\"(max-width: 300px) 100vw, 300px\" \/><\/p>\n<p style=\"text-align: center;\"><strong>PUBLICIDADE<\/strong><\/p>\n<p>\u201cAs testemunhas que estavam no local e presenciaram o acidente tamb\u00e9m relataram que o erro seria sido dele\u201d, afirmou.<\/p>\n<p>Durante a entrevista, a v\u00edtima mostrou a situa\u00e7\u00e3o do p\u00e9 machucado e relatou que a filha tem apresentado fortes dores desde o acidente, chegando a gritar de dor.<\/p>\n<p><img loading=\"lazy\" decoding=\"async\" class=\"size-medium wp-image-8006 aligncenter\" src=\"https:\/\/portalraizesnoticias.com.br\/wp-content\/uploads\/2025\/09\/IMG-20250902-WA0020-300x296.jpg\" alt=\"\" width=\"300\" height=\"296\" srcset=\"https:\/\/portalraizesnoticias.com.br\/wp-content\/uploads\/2025\/09\/IMG-20250902-WA0020-300x296.jpg 300w, https:\/\/portalraizesnoticias.com.br\/wp-content\/uploads\/2025\/09\/IMG-20250902-WA0020-1024x1009.jpg 1024w, https:\/\/portalraizesnoticias.com.br\/wp-content\/uploads\/2025\/09\/IMG-20250902-WA0020-768x757.jpg 768w, https:\/\/portalraizesnoticias.com.br\/wp-content\/uploads\/2025\/09\/IMG-20250902-WA0020.jpg 1080w\" sizes=\"(max-width: 300px) 100vw, 300px\" \/><\/p>\n<p style=\"text-align: center;\"><strong>PUBLICIDADE<\/strong><\/p>\n<p>\u201c\u00c9 uma situa\u00e7\u00e3o muito delicada e um misto de sentimentos. Al\u00e9m da minha dor, ver minha filha passando por isso \u00e9 extremamente doloroso. O pai dela tem dado todo o suporte necess\u00e1rio para n\u00f3s neste momento\u201d, desabafou.<\/p>\n<p><strong>Alerta no tr\u00e2nsito<\/strong><\/p>\n<p>O acidente reacende o alerta sobre as frequentes imprud\u00eancias no tr\u00e2nsito em Concei\u00e7\u00e3o do Coit\u00e9, especialmente em \u00e1reas de grande fluxo.<\/p>\n<p>Desrespeito \u00e0 sinaliza\u00e7\u00e3o, condu\u00e7\u00e3o em sentido proibido e falta de aten\u00e7\u00e3o continuam sendo fatores recorrentes em ocorr\u00eancias que colocam vidas em risco, inclusive de crian\u00e7as.<\/p>\n<p>A conscientiza\u00e7\u00e3o e o respeito \u00e0s leis de tr\u00e2nsito s\u00e3o fundamentais para evitar novas trag\u00e9dias.<\/p>\n<p>Reda\u00e7\u00e3o<\/p>\n","protected":false},"excerpt":{"rendered":"<p>Ap\u00f3s o acidente envolvendo duas motocicletas na pra\u00e7a dos postos de combust\u00edveis, na noite de ontem (27), no centro de Concei\u00e7\u00e3o do Coit\u00e9, que deixou tr\u00eas pessoas feridas, entre elas uma menina de 11 anos, a m\u00e3e da crian\u00e7a concedeu entrevista \u00e0 jornalista Rafaela Rodrigues e detalhou o estado de sa\u00fade dela e da filha. Inicialmente, a suspeita era de que a condutora, identificada como Dany Hon\u00f3rio, tivesse sofrido apenas ferimentos leves. No entanto, ap\u00f3s a realiza\u00e7\u00e3o de exames de imagem no hospital, foi constatada fratura em um dos p\u00e9s. J\u00e1 a filha, de 11 anos, teve fratura na clav\u00edcula confirmada, o que agravou ainda mais a situa\u00e7\u00e3o da fam\u00edlia. O caso se torna ainda mais delicado porque a coiteense trabalha como secret\u00e1ria do lar e depende exclusivamente dessa renda para o sustento da casa. PUBLICIDADE Com a fratura, ela precisar\u00e1 permanecer afastada das atividades por alguns dias, o que impacta diretamente sua condi\u00e7\u00e3o financeira. Segundo a m\u00e3e da crian\u00e7a, a colis\u00e3o teria sido supostamente provocada pela imprud\u00eancia do condutor da outra motocicleta, que trafegava no sentido oposto, supostamente de forma irregular. PUBLICIDADE \u201cAs testemunhas que estavam no local e presenciaram o acidente tamb\u00e9m relataram que o erro seria sido dele\u201d, afirmou. Durante a entrevista, a v\u00edtima mostrou a situa\u00e7\u00e3o do p\u00e9 machucado e relatou que a filha tem apresentado fortes dores desde o acidente, chegando a gritar de dor. PUBLICIDADE \u201c\u00c9 uma situa\u00e7\u00e3o muito delicada e um misto de sentimentos. Al\u00e9m da minha dor, ver minha filha passando por isso \u00e9 extremamente doloroso. O pai dela tem dado todo o suporte necess\u00e1rio para n\u00f3s neste momento\u201d, desabafou. Alerta no tr\u00e2nsito O acidente reacende o alerta sobre as frequentes imprud\u00eancias no tr\u00e2nsito em Concei\u00e7\u00e3o do Coit\u00e9, especialmente em \u00e1reas de grande fluxo. Desrespeito \u00e0 sinaliza\u00e7\u00e3o, condu\u00e7\u00e3o em sentido proibido e falta de aten\u00e7\u00e3o continuam sendo fatores recorrentes em ocorr\u00eancias que colocam vidas em risco, inclusive de crian\u00e7as. A conscientiza\u00e7\u00e3o e o respeito \u00e0s leis de tr\u00e2nsito s\u00e3o fundamentais para evitar novas trag\u00e9dias. Reda\u00e7\u00e3o<\/p>\n","protected":false},"author":3,"featured_media":10149,"comment_status":"open","ping_status":"open","sticky":false,"template":"","format":"standard","meta":{"_joinchat":[],"footnotes":""},"categories":[58,55,59],"tags":[],"class_list":["post-10143","post","type-post","status-publish","format-standard","has-post-thumbnail","hentry","category-acidentes","category-destaques","category-ultimas-noticias"],"yoast_head":"<!-- This site is optimized with the Yoast SEO plugin v24.4 - https:\/\/yoast.com\/wordpress\/plugins\/seo\/ -->\n<title>\u201cMinha filha grita de dor\u201d, diz m\u00e3e ap\u00f3s acidente entre motos em Concei\u00e7\u00e3o do Coit\u00e9; ela sofreu fratura no p\u00e9 e a garota teve fratura na clav\u00edcula - Portal raizes noticias<\/title>\n<meta name=\"robots\" content=\"index, follow, max-snippet:-1, max-image-preview:large, max-video-preview:-1\" \/>\n<link rel=\"canonical\" href=\"https:\/\/portalraizesnoticias.com.br\/?p=10143\" \/>\n<meta property=\"og:locale\" content=\"pt_BR\" \/>\n<meta property=\"og:type\" content=\"article\" \/>\n<meta property=\"og:title\" content=\"\u201cMinha filha grita de dor\u201d, diz m\u00e3e ap\u00f3s acidente entre motos em Concei\u00e7\u00e3o do Coit\u00e9; ela sofreu fratura no p\u00e9 e a garota teve fratura na clav\u00edcula - Portal raizes noticias\" \/>\n<meta property=\"og:description\" content=\"Ap\u00f3s o acidente envolvendo duas motocicletas na pra\u00e7a dos postos de combust\u00edveis, na noite de ontem (27), no centro de Concei\u00e7\u00e3o do Coit\u00e9, que deixou tr\u00eas pessoas feridas, entre elas uma menina de 11 anos, a m\u00e3e da crian\u00e7a concedeu entrevista \u00e0 jornalista Rafaela Rodrigues e detalhou o estado de sa\u00fade dela e da filha. Inicialmente, a suspeita era de que a condutora, identificada como Dany Hon\u00f3rio, tivesse sofrido apenas ferimentos leves. No entanto, ap\u00f3s a realiza\u00e7\u00e3o de exames de imagem no hospital, foi constatada fratura em um dos p\u00e9s. J\u00e1 a filha, de 11 anos, teve fratura na clav\u00edcula confirmada, o que agravou ainda mais a situa\u00e7\u00e3o da fam\u00edlia. O caso se torna ainda mais delicado porque a coiteense trabalha como secret\u00e1ria do lar e depende exclusivamente dessa renda para o sustento da casa. PUBLICIDADE Com a fratura, ela precisar\u00e1 permanecer afastada das atividades por alguns dias, o que impacta diretamente sua condi\u00e7\u00e3o financeira. Segundo a m\u00e3e da crian\u00e7a, a colis\u00e3o teria sido supostamente provocada pela imprud\u00eancia do condutor da outra motocicleta, que trafegava no sentido oposto, supostamente de forma irregular. PUBLICIDADE \u201cAs testemunhas que estavam no local e presenciaram o acidente tamb\u00e9m relataram que o erro seria sido dele\u201d, afirmou. Durante a entrevista, a v\u00edtima mostrou a situa\u00e7\u00e3o do p\u00e9 machucado e relatou que a filha tem apresentado fortes dores desde o acidente, chegando a gritar de dor. PUBLICIDADE \u201c\u00c9 uma situa\u00e7\u00e3o muito delicada e um misto de sentimentos. Al\u00e9m da minha dor, ver minha filha passando por isso \u00e9 extremamente doloroso. O pai dela tem dado todo o suporte necess\u00e1rio para n\u00f3s neste momento\u201d, desabafou. Alerta no tr\u00e2nsito O acidente reacende o alerta sobre as frequentes imprud\u00eancias no tr\u00e2nsito em Concei\u00e7\u00e3o do Coit\u00e9, especialmente em \u00e1reas de grande fluxo. Desrespeito \u00e0 sinaliza\u00e7\u00e3o, condu\u00e7\u00e3o em sentido proibido e falta de aten\u00e7\u00e3o continuam sendo fatores recorrentes em ocorr\u00eancias que colocam vidas em risco, inclusive de crian\u00e7as. A conscientiza\u00e7\u00e3o e o respeito \u00e0s leis de tr\u00e2nsito s\u00e3o fundamentais para evitar novas trag\u00e9dias. Reda\u00e7\u00e3o\" \/>\n<meta property=\"og:url\" content=\"https:\/\/portalraizesnoticias.com.br\/?p=10143\" \/>\n<meta property=\"og:site_name\" content=\"Portal raizes noticias\" \/>\n<meta property=\"article:published_time\" content=\"2025-12-28T22:50:39+00:00\" \/>\n<meta property=\"article:modified_time\" content=\"2025-12-29T00:22:06+00:00\" \/>\n<meta property=\"og:image\" content=\"https:\/\/portalraizesnoticias.com.br\/wp-content\/uploads\/2025\/12\/IMG-20251228-WA0258.jpg\" \/>\n\t<meta property=\"og:image:width\" content=\"1600\" \/>\n\t<meta property=\"og:image:height\" content=\"1600\" \/>\n\t<meta property=\"og:image:type\" content=\"image\/jpeg\" \/>\n<meta name=\"author\" content=\"Portal Raizes\" \/>\n<meta name=\"twitter:card\" content=\"summary_large_image\" \/>\n<meta name=\"twitter:label1\" content=\"Escrito por\" \/>\n\t<meta name=\"twitter:data1\" content=\"Portal Raizes\" \/>\n\t<meta name=\"twitter:label2\" content=\"Est. tempo de leitura\" \/>\n\t<meta name=\"twitter:data2\" content=\"4 minutos\" \/>\n<script type=\"application\/ld+json\" class=\"yoast-schema-graph\">{\"@context\":\"https:\/\/schema.org\",\"@graph\":[{\"@type\":\"Article\",\"@id\":\"https:\/\/portalraizesnoticias.com.br\/?p=10143#article\",\"isPartOf\":{\"@id\":\"https:\/\/portalraizesnoticias.com.br\/?p=10143\"},\"author\":{\"name\":\"Portal Raizes\",\"@id\":\"https:\/\/portalraizesnoticias.com.br\/#\/schema\/person\/a3ca6b0fc701e78df19756c417d943ae\"},\"headline\":\"\u201cMinha filha grita de dor\u201d, diz m\u00e3e ap\u00f3s acidente entre motos em Concei\u00e7\u00e3o do Coit\u00e9; ela sofreu fratura no p\u00e9 e a garota teve fratura na clav\u00edcula\",\"datePublished\":\"2025-12-28T22:50:39+00:00\",\"dateModified\":\"2025-12-29T00:22:06+00:00\",\"mainEntityOfPage\":{\"@id\":\"https:\/\/portalraizesnoticias.com.br\/?p=10143\"},\"wordCount\":399,\"commentCount\":0,\"publisher\":{\"@id\":\"https:\/\/portalraizesnoticias.com.br\/#organization\"},\"image\":{\"@id\":\"https:\/\/portalraizesnoticias.com.br\/?p=10143#primaryimage\"},\"thumbnailUrl\":\"https:\/\/portalraizesnoticias.com.br\/wp-content\/uploads\/2025\/12\/IMG-20251228-WA0258.jpg\",\"articleSection\":[\"ACIDENTES\",\"DESTAQUES\",\"ULTIMAS NOTICIAS\"],\"inLanguage\":\"pt-BR\",\"potentialAction\":[{\"@type\":\"CommentAction\",\"name\":\"Comment\",\"target\":[\"https:\/\/portalraizesnoticias.com.br\/?p=10143#respond\"]}]},{\"@type\":\"WebPage\",\"@id\":\"https:\/\/portalraizesnoticias.com.br\/?p=10143\",\"url\":\"https:\/\/portalraizesnoticias.com.br\/?p=10143\",\"name\":\"\u201cMinha filha grita de dor\u201d, diz m\u00e3e ap\u00f3s acidente entre motos em Concei\u00e7\u00e3o do Coit\u00e9; ela sofreu fratura no p\u00e9 e a garota teve fratura na clav\u00edcula - Portal raizes noticias\",\"isPartOf\":{\"@id\":\"https:\/\/portalraizesnoticias.com.br\/#website\"},\"primaryImageOfPage\":{\"@id\":\"https:\/\/portalraizesnoticias.com.br\/?p=10143#primaryimage\"},\"image\":{\"@id\":\"https:\/\/portalraizesnoticias.com.br\/?p=10143#primaryimage\"},\"thumbnailUrl\":\"https:\/\/portalraizesnoticias.com.br\/wp-content\/uploads\/2025\/12\/IMG-20251228-WA0258.jpg\",\"datePublished\":\"2025-12-28T22:50:39+00:00\",\"dateModified\":\"2025-12-29T00:22:06+00:00\",\"breadcrumb\":{\"@id\":\"https:\/\/portalraizesnoticias.com.br\/?p=10143#breadcrumb\"},\"inLanguage\":\"pt-BR\",\"potentialAction\":[{\"@type\":\"ReadAction\",\"target\":[\"https:\/\/portalraizesnoticias.com.br\/?p=10143\"]}]},{\"@type\":\"ImageObject\",\"inLanguage\":\"pt-BR\",\"@id\":\"https:\/\/portalraizesnoticias.com.br\/?p=10143#primaryimage\",\"url\":\"https:\/\/portalraizesnoticias.com.br\/wp-content\/uploads\/2025\/12\/IMG-20251228-WA0258.jpg\",\"contentUrl\":\"https:\/\/portalraizesnoticias.com.br\/wp-content\/uploads\/2025\/12\/IMG-20251228-WA0258.jpg\",\"width\":1600,\"height\":1600},{\"@type\":\"BreadcrumbList\",\"@id\":\"https:\/\/portalraizesnoticias.com.br\/?p=10143#breadcrumb\",\"itemListElement\":[{\"@type\":\"ListItem\",\"position\":1,\"name\":\"In\u00edcio\",\"item\":\"https:\/\/portalraizesnoticias.com.br\/\"},{\"@type\":\"ListItem\",\"position\":2,\"name\":\"\u201cMinha filha grita de dor\u201d, diz m\u00e3e ap\u00f3s acidente entre motos em Concei\u00e7\u00e3o do Coit\u00e9; ela sofreu fratura no p\u00e9 e a garota teve fratura na clav\u00edcula\"}]},{\"@type\":\"WebSite\",\"@id\":\"https:\/\/portalraizesnoticias.com.br\/#website\",\"url\":\"https:\/\/portalraizesnoticias.com.br\/\",\"name\":\"Portal raizes NOTICIAS\",\"description\":\"site de noticias de concei\u00e7\u00e3o do coit\u00e9 e regi\u00e3o\",\"publisher\":{\"@id\":\"https:\/\/portalraizesnoticias.com.br\/#organization\"},\"alternateName\":\"PORTAL RAIZES COIT\u00c9\",\"potentialAction\":[{\"@type\":\"SearchAction\",\"target\":{\"@type\":\"EntryPoint\",\"urlTemplate\":\"https:\/\/portalraizesnoticias.com.br\/?s={search_term_string}\"},\"query-input\":{\"@type\":\"PropertyValueSpecification\",\"valueRequired\":true,\"valueName\":\"search_term_string\"}}],\"inLanguage\":\"pt-BR\"},{\"@type\":\"Organization\",\"@id\":\"https:\/\/portalraizesnoticias.com.br\/#organization\",\"name\":\"Portal raizes NOTICIAS\",\"url\":\"https:\/\/portalraizesnoticias.com.br\/\",\"logo\":{\"@type\":\"ImageObject\",\"inLanguage\":\"pt-BR\",\"@id\":\"https:\/\/portalraizesnoticias.com.br\/#\/schema\/logo\/image\/\",\"url\":\"https:\/\/portalraizesnoticias.com.br\/wp-content\/uploads\/2024\/09\/cropped-Captura-de-tela-2024-09-08-011108.png\",\"contentUrl\":\"https:\/\/portalraizesnoticias.com.br\/wp-content\/uploads\/2024\/09\/cropped-Captura-de-tela-2024-09-08-011108.png\",\"width\":606,\"height\":173,\"caption\":\"Portal raizes NOTICIAS\"},\"image\":{\"@id\":\"https:\/\/portalraizesnoticias.com.br\/#\/schema\/logo\/image\/\"}},{\"@type\":\"Person\",\"@id\":\"https:\/\/portalraizesnoticias.com.br\/#\/schema\/person\/a3ca6b0fc701e78df19756c417d943ae\",\"name\":\"Portal Raizes\",\"image\":{\"@type\":\"ImageObject\",\"inLanguage\":\"pt-BR\",\"@id\":\"https:\/\/portalraizesnoticias.com.br\/#\/schema\/person\/image\/\",\"url\":\"https:\/\/secure.gravatar.com\/avatar\/ef450d29013a3d3fba867a12a249d7b1?s=96&d=mm&r=g\",\"contentUrl\":\"https:\/\/secure.gravatar.com\/avatar\/ef450d29013a3d3fba867a12a249d7b1?s=96&d=mm&r=g\",\"caption\":\"Portal Raizes\"},\"url\":\"https:\/\/portalraizesnoticias.com.br\/?author=3\"}]}<\/script>\n<!-- \/ Yoast SEO plugin. -->","yoast_head_json":{"title":"\u201cMinha filha grita de dor\u201d, diz m\u00e3e ap\u00f3s acidente entre motos em Concei\u00e7\u00e3o do Coit\u00e9; ela sofreu fratura no p\u00e9 e a garota teve fratura na clav\u00edcula - Portal raizes noticias","robots":{"index":"index","follow":"follow","max-snippet":"max-snippet:-1","max-image-preview":"max-image-preview:large","max-video-preview":"max-video-preview:-1"},"canonical":"https:\/\/portalraizesnoticias.com.br\/?p=10143","og_locale":"pt_BR","og_type":"article","og_title":"\u201cMinha filha grita de dor\u201d, diz m\u00e3e ap\u00f3s acidente entre motos em Concei\u00e7\u00e3o do Coit\u00e9; ela sofreu fratura no p\u00e9 e a garota teve fratura na clav\u00edcula - Portal raizes noticias","og_description":"Ap\u00f3s o acidente envolvendo duas motocicletas na pra\u00e7a dos postos de combust\u00edveis, na noite de ontem (27), no centro de Concei\u00e7\u00e3o do Coit\u00e9, que deixou tr\u00eas pessoas feridas, entre elas uma menina de 11 anos, a m\u00e3e da crian\u00e7a concedeu entrevista \u00e0 jornalista Rafaela Rodrigues e detalhou o estado de sa\u00fade dela e da filha. Inicialmente, a suspeita era de que a condutora, identificada como Dany Hon\u00f3rio, tivesse sofrido apenas ferimentos leves. No entanto, ap\u00f3s a realiza\u00e7\u00e3o de exames de imagem no hospital, foi constatada fratura em um dos p\u00e9s. J\u00e1 a filha, de 11 anos, teve fratura na clav\u00edcula confirmada, o que agravou ainda mais a situa\u00e7\u00e3o da fam\u00edlia. O caso se torna ainda mais delicado porque a coiteense trabalha como secret\u00e1ria do lar e depende exclusivamente dessa renda para o sustento da casa. PUBLICIDADE Com a fratura, ela precisar\u00e1 permanecer afastada das atividades por alguns dias, o que impacta diretamente sua condi\u00e7\u00e3o financeira. Segundo a m\u00e3e da crian\u00e7a, a colis\u00e3o teria sido supostamente provocada pela imprud\u00eancia do condutor da outra motocicleta, que trafegava no sentido oposto, supostamente de forma irregular. PUBLICIDADE \u201cAs testemunhas que estavam no local e presenciaram o acidente tamb\u00e9m relataram que o erro seria sido dele\u201d, afirmou. Durante a entrevista, a v\u00edtima mostrou a situa\u00e7\u00e3o do p\u00e9 machucado e relatou que a filha tem apresentado fortes dores desde o acidente, chegando a gritar de dor. PUBLICIDADE \u201c\u00c9 uma situa\u00e7\u00e3o muito delicada e um misto de sentimentos. Al\u00e9m da minha dor, ver minha filha passando por isso \u00e9 extremamente doloroso. O pai dela tem dado todo o suporte necess\u00e1rio para n\u00f3s neste momento\u201d, desabafou. Alerta no tr\u00e2nsito O acidente reacende o alerta sobre as frequentes imprud\u00eancias no tr\u00e2nsito em Concei\u00e7\u00e3o do Coit\u00e9, especialmente em \u00e1reas de grande fluxo. Desrespeito \u00e0 sinaliza\u00e7\u00e3o, condu\u00e7\u00e3o em sentido proibido e falta de aten\u00e7\u00e3o continuam sendo fatores recorrentes em ocorr\u00eancias que colocam vidas em risco, inclusive de crian\u00e7as. A conscientiza\u00e7\u00e3o e o respeito \u00e0s leis de tr\u00e2nsito s\u00e3o fundamentais para evitar novas trag\u00e9dias. Reda\u00e7\u00e3o","og_url":"https:\/\/portalraizesnoticias.com.br\/?p=10143","og_site_name":"Portal raizes noticias","article_published_time":"2025-12-28T22:50:39+00:00","article_modified_time":"2025-12-29T00:22:06+00:00","og_image":[{"width":1600,"height":1600,"url":"https:\/\/portalraizesnoticias.com.br\/wp-content\/uploads\/2025\/12\/IMG-20251228-WA0258.jpg","type":"image\/jpeg"}],"author":"Portal Raizes","twitter_card":"summary_large_image","twitter_misc":{"Escrito por":"Portal Raizes","Est. tempo de leitura":"4 minutos"},"schema":{"@context":"https:\/\/schema.org","@graph":[{"@type":"Article","@id":"https:\/\/portalraizesnoticias.com.br\/?p=10143#article","isPartOf":{"@id":"https:\/\/portalraizesnoticias.com.br\/?p=10143"},"author":{"name":"Portal Raizes","@id":"https:\/\/portalraizesnoticias.com.br\/#\/schema\/person\/a3ca6b0fc701e78df19756c417d943ae"},"headline":"\u201cMinha filha grita de dor\u201d, diz m\u00e3e ap\u00f3s acidente entre motos em Concei\u00e7\u00e3o do Coit\u00e9; ela sofreu fratura no p\u00e9 e a garota teve fratura na clav\u00edcula","datePublished":"2025-12-28T22:50:39+00:00","dateModified":"2025-12-29T00:22:06+00:00","mainEntityOfPage":{"@id":"https:\/\/portalraizesnoticias.com.br\/?p=10143"},"wordCount":399,"commentCount":0,"publisher":{"@id":"https:\/\/portalraizesnoticias.com.br\/#organization"},"image":{"@id":"https:\/\/portalraizesnoticias.com.br\/?p=10143#primaryimage"},"thumbnailUrl":"https:\/\/portalraizesnoticias.com.br\/wp-content\/uploads\/2025\/12\/IMG-20251228-WA0258.jpg","articleSection":["ACIDENTES","DESTAQUES","ULTIMAS NOTICIAS"],"inLanguage":"pt-BR","potentialAction":[{"@type":"CommentAction","name":"Comment","target":["https:\/\/portalraizesnoticias.com.br\/?p=10143#respond"]}]},{"@type":"WebPage","@id":"https:\/\/portalraizesnoticias.com.br\/?p=10143","url":"https:\/\/portalraizesnoticias.com.br\/?p=10143","name":"\u201cMinha filha grita de dor\u201d, diz m\u00e3e ap\u00f3s acidente entre motos em Concei\u00e7\u00e3o do Coit\u00e9; ela sofreu fratura no p\u00e9 e a garota teve fratura na clav\u00edcula - Portal raizes noticias","isPartOf":{"@id":"https:\/\/portalraizesnoticias.com.br\/#website"},"primaryImageOfPage":{"@id":"https:\/\/portalraizesnoticias.com.br\/?p=10143#primaryimage"},"image":{"@id":"https:\/\/portalraizesnoticias.com.br\/?p=10143#primaryimage"},"thumbnailUrl":"https:\/\/portalraizesnoticias.com.br\/wp-content\/uploads\/2025\/12\/IMG-20251228-WA0258.jpg","datePublished":"2025-12-28T22:50:39+00:00","dateModified":"2025-12-29T00:22:06+00:00","breadcrumb":{"@id":"https:\/\/portalraizesnoticias.com.br\/?p=10143#breadcrumb"},"inLanguage":"pt-BR","potentialAction":[{"@type":"ReadAction","target":["https:\/\/portalraizesnoticias.com.br\/?p=10143"]}]},{"@type":"ImageObject","inLanguage":"pt-BR","@id":"https:\/\/portalraizesnoticias.com.br\/?p=10143#primaryimage","url":"https:\/\/portalraizesnoticias.com.br\/wp-content\/uploads\/2025\/12\/IMG-20251228-WA0258.jpg","contentUrl":"https:\/\/portalraizesnoticias.com.br\/wp-content\/uploads\/2025\/12\/IMG-20251228-WA0258.jpg","width":1600,"height":1600},{"@type":"BreadcrumbList","@id":"https:\/\/portalraizesnoticias.com.br\/?p=10143#breadcrumb","itemListElement":[{"@type":"ListItem","position":1,"name":"In\u00edcio","item":"https:\/\/portalraizesnoticias.com.br\/"},{"@type":"ListItem","position":2,"name":"\u201cMinha filha grita de dor\u201d, diz m\u00e3e ap\u00f3s acidente entre motos em Concei\u00e7\u00e3o do Coit\u00e9; ela sofreu fratura no p\u00e9 e a garota teve fratura na clav\u00edcula"}]},{"@type":"WebSite","@id":"https:\/\/portalraizesnoticias.com.br\/#website","url":"https:\/\/portalraizesnoticias.com.br\/","name":"Portal raizes NOTICIAS","description":"site de noticias de concei\u00e7\u00e3o do coit\u00e9 e regi\u00e3o","publisher":{"@id":"https:\/\/portalraizesnoticias.com.br\/#organization"},"alternateName":"PORTAL RAIZES COIT\u00c9","potentialAction":[{"@type":"SearchAction","target":{"@type":"EntryPoint","urlTemplate":"https:\/\/portalraizesnoticias.com.br\/?s={search_term_string}"},"query-input":{"@type":"PropertyValueSpecification","valueRequired":true,"valueName":"search_term_string"}}],"inLanguage":"pt-BR"},{"@type":"Organization","@id":"https:\/\/portalraizesnoticias.com.br\/#organization","name":"Portal raizes NOTICIAS","url":"https:\/\/portalraizesnoticias.com.br\/","logo":{"@type":"ImageObject","inLanguage":"pt-BR","@id":"https:\/\/portalraizesnoticias.com.br\/#\/schema\/logo\/image\/","url":"https:\/\/portalraizesnoticias.com.br\/wp-content\/uploads\/2024\/09\/cropped-Captura-de-tela-2024-09-08-011108.png","contentUrl":"https:\/\/portalraizesnoticias.com.br\/wp-content\/uploads\/2024\/09\/cropped-Captura-de-tela-2024-09-08-011108.png","width":606,"height":173,"caption":"Portal raizes NOTICIAS"},"image":{"@id":"https:\/\/portalraizesnoticias.com.br\/#\/schema\/logo\/image\/"}},{"@type":"Person","@id":"https:\/\/portalraizesnoticias.com.br\/#\/schema\/person\/a3ca6b0fc701e78df19756c417d943ae","name":"Portal Raizes","image":{"@type":"ImageObject","inLanguage":"pt-BR","@id":"https:\/\/portalraizesnoticias.com.br\/#\/schema\/person\/image\/","url":"https:\/\/secure.gravatar.com\/avatar\/ef450d29013a3d3fba867a12a249d7b1?s=96&d=mm&r=g","contentUrl":"https:\/\/secure.gravatar.com\/avatar\/ef450d29013a3d3fba867a12a249d7b1?s=96&d=mm&r=g","caption":"Portal Raizes"},"url":"https:\/\/portalraizesnoticias.com.br\/?author=3"}]}},"_links":{"self":[{"href":"https:\/\/portalraizesnoticias.com.br\/index.php?rest_route=\/wp\/v2\/posts\/10143"}],"collection":[{"href":"https:\/\/portalraizesnoticias.com.br\/index.php?rest_route=\/wp\/v2\/posts"}],"about":[{"href":"https:\/\/portalraizesnoticias.com.br\/index.php?rest_route=\/wp\/v2\/types\/post"}],"author":[{"embeddable":true,"href":"https:\/\/portalraizesnoticias.com.br\/index.php?rest_route=\/wp\/v2\/users\/3"}],"replies":[{"embeddable":true,"href":"https:\/\/portalraizesnoticias.com.br\/index.php?rest_route=%2Fwp%2Fv2%2Fcomments&post=10143"}],"version-history":[{"count":8,"href":"https:\/\/portalraizesnoticias.com.br\/index.php?rest_route=\/wp\/v2\/posts\/10143\/revisions"}],"predecessor-version":[{"id":10159,"href":"https:\/\/portalraizesnoticias.com.br\/index.php?rest_route=\/wp\/v2\/posts\/10143\/revisions\/10159"}],"wp:featuredmedia":[{"embeddable":true,"href":"https:\/\/portalraizesnoticias.com.br\/index.php?rest_route=\/wp\/v2\/media\/10149"}],"wp:attachment":[{"href":"https:\/\/portalraizesnoticias.com.br\/index.php?rest_route=%2Fwp%2Fv2%2Fmedia&parent=10143"}],"wp:term":[{"taxonomy":"category","embeddable":true,"href":"https:\/\/portalraizesnoticias.com.br\/index.php?rest_route=%2Fwp%2Fv2%2Fcategories&post=10143"},{"taxonomy":"post_tag","embeddable":true,"href":"https:\/\/portalraizesnoticias.com.br\/index.php?rest_route=%2Fwp%2Fv2%2Ftags&post=10143"}],"curies":[{"name":"wp","href":"https:\/\/api.w.org\/{rel}","templated":true}]}}