{"id":10129,"date":"2025-12-28T16:33:12","date_gmt":"2025-12-28T19:33:12","guid":{"rendered":"https:\/\/portalraizesnoticias.com.br\/?p=10129"},"modified":"2025-12-28T16:33:13","modified_gmt":"2025-12-28T19:33:13","slug":"adolescente-e-ferido-por-disparo-de-arma-de-fogo-em-santaluz-suspeito-seria-antigo-desafeto-da-vitima","status":"publish","type":"post","link":"https:\/\/portalraizesnoticias.com.br\/?p=10129","title":{"rendered":"Adolescente \u00e9 ferido por disparo de arma de fogo em Santaluz; suspeito seria antigo desafeto da v\u00edtima"},"content":{"rendered":"<p>Um adolescente de 17 anos ficou ferido ap\u00f3s ser atingido por um disparo de arma de fogo na madrugada deste domingo (28), no bairro Nova Esperan\u00e7a, em Santaluz, na regi\u00e3o sisaleira.<\/p>\n<p><img fetchpriority=\"high\" decoding=\"async\" class=\"size-medium wp-image-8641 aligncenter\" src=\"https:\/\/portalraizesnoticias.com.br\/wp-content\/uploads\/2025\/10\/WhatsApp-Image-2025-10-02-at-08.27.18-300x229.jpeg\" alt=\"\" width=\"300\" height=\"229\" srcset=\"https:\/\/portalraizesnoticias.com.br\/wp-content\/uploads\/2025\/10\/WhatsApp-Image-2025-10-02-at-08.27.18-300x229.jpeg 300w, https:\/\/portalraizesnoticias.com.br\/wp-content\/uploads\/2025\/10\/WhatsApp-Image-2025-10-02-at-08.27.18.jpeg 752w\" sizes=\"(max-width: 300px) 100vw, 300px\" \/><\/p>\n<p style=\"text-align: center;\"><strong>PUBLICIDADE<\/strong><\/p>\n<p>De acordo com informa\u00e7\u00f5es da Pol\u00edcia Militar,\u00a0o jovem, identificado pelas iniciais L. A. S. C, relatou que participava de um evento do tipo cavalgada quando foi atingido no bra\u00e7o esquerdo.<\/p>\n<p><img decoding=\"async\" class=\"size-medium wp-image-8006 aligncenter\" src=\"https:\/\/portalraizesnoticias.com.br\/wp-content\/uploads\/2025\/09\/IMG-20250902-WA0020-300x296.jpg\" alt=\"\" width=\"300\" height=\"296\" srcset=\"https:\/\/portalraizesnoticias.com.br\/wp-content\/uploads\/2025\/09\/IMG-20250902-WA0020-300x296.jpg 300w, https:\/\/portalraizesnoticias.com.br\/wp-content\/uploads\/2025\/09\/IMG-20250902-WA0020-1024x1009.jpg 1024w, https:\/\/portalraizesnoticias.com.br\/wp-content\/uploads\/2025\/09\/IMG-20250902-WA0020-768x757.jpg 768w, https:\/\/portalraizesnoticias.com.br\/wp-content\/uploads\/2025\/09\/IMG-20250902-WA0020.jpg 1080w\" sizes=\"(max-width: 300px) 100vw, 300px\" \/><\/p>\n<p style=\"text-align: center;\"><strong>PUBLICIDADE<\/strong><\/p>\n<p>Ele afirmou n\u00e3o ter visto a origem do disparo, mas disse acreditar que o autor possa ser um desafeto antigo morador do bairro A\u00e7ude Tapera. A v\u00edtima n\u00e3o conseguiu fornecer mais detalhes sobre o suspeito.<\/p>\n<p><img decoding=\"async\" class=\"size-medium wp-image-7771 aligncenter\" src=\"https:\/\/portalraizesnoticias.com.br\/wp-content\/uploads\/2025\/08\/IMG-20250814-WA05541-300x289.jpg\" alt=\"\" width=\"300\" height=\"289\" srcset=\"https:\/\/portalraizesnoticias.com.br\/wp-content\/uploads\/2025\/08\/IMG-20250814-WA05541-300x289.jpg 300w, https:\/\/portalraizesnoticias.com.br\/wp-content\/uploads\/2025\/08\/IMG-20250814-WA05541-1024x988.jpg 1024w, https:\/\/portalraizesnoticias.com.br\/wp-content\/uploads\/2025\/08\/IMG-20250814-WA05541-768x741.jpg 768w, https:\/\/portalraizesnoticias.com.br\/wp-content\/uploads\/2025\/08\/IMG-20250814-WA05541.jpg 1180w\" sizes=\"(max-width: 300px) 100vw, 300px\" \/><\/p>\n<p style=\"text-align: center;\"><strong>PUBLICIDADE<\/strong><\/p>\n<p>Ap\u00f3s a confirma\u00e7\u00e3o da ocorr\u00eancia, os policiais realizaram rondas na tentativa de localizar e identificar o poss\u00edvel autor do crime, por\u00e9m ningu\u00e9m foi preso at\u00e9 o momento.<\/p>\n<p>O caso foi registrado como disparo de arma de fogo com tentativa de homic\u00eddio e dever\u00e1 ser investigado pela Pol\u00edcia Civil. O estado de sa\u00fade do adolescente n\u00e3o foi detalhado.<\/p>\n","protected":false},"excerpt":{"rendered":"<p>Um adolescente de 17 anos ficou ferido ap\u00f3s ser atingido por um disparo de arma de fogo na madrugada deste domingo (28), no bairro Nova Esperan\u00e7a, em Santaluz, na regi\u00e3o sisaleira. PUBLICIDADE De acordo com informa\u00e7\u00f5es da Pol\u00edcia Militar,\u00a0o jovem, identificado pelas iniciais L. A. S. C, relatou que participava de um evento do tipo cavalgada quando foi atingido no bra\u00e7o esquerdo. PUBLICIDADE Ele afirmou n\u00e3o ter visto a origem do disparo, mas disse acreditar que o autor possa ser um desafeto antigo morador do bairro A\u00e7ude Tapera. A v\u00edtima n\u00e3o conseguiu fornecer mais detalhes sobre o suspeito. PUBLICIDADE Ap\u00f3s a confirma\u00e7\u00e3o da ocorr\u00eancia, os policiais realizaram rondas na tentativa de localizar e identificar o poss\u00edvel autor do crime, por\u00e9m ningu\u00e9m foi preso at\u00e9 o momento. O caso foi registrado como disparo de arma de fogo com tentativa de homic\u00eddio e dever\u00e1 ser investigado pela Pol\u00edcia Civil. O estado de sa\u00fade do adolescente n\u00e3o foi detalhado.<\/p>\n","protected":false},"author":3,"featured_media":5739,"comment_status":"open","ping_status":"open","sticky":false,"template":"","format":"standard","meta":{"_joinchat":[],"footnotes":""},"categories":[55,67,59],"tags":[207,386,887],"class_list":["post-10129","post","type-post","status-publish","format-standard","has-post-thumbnail","hentry","category-destaques","category-policia","category-ultimas-noticias","tag-adolescente","tag-santaluz","tag-tiro"],"yoast_head":"<!-- This site is optimized with the Yoast SEO plugin v24.4 - https:\/\/yoast.com\/wordpress\/plugins\/seo\/ -->\n<title>Adolescente \u00e9 ferido por disparo de arma de fogo em Santaluz; suspeito seria antigo desafeto da v\u00edtima - Portal raizes noticias<\/title>\n<meta name=\"robots\" content=\"index, follow, max-snippet:-1, max-image-preview:large, max-video-preview:-1\" \/>\n<link rel=\"canonical\" href=\"https:\/\/portalraizesnoticias.com.br\/?p=10129\" \/>\n<meta property=\"og:locale\" content=\"pt_BR\" \/>\n<meta property=\"og:type\" content=\"article\" \/>\n<meta property=\"og:title\" content=\"Adolescente \u00e9 ferido por disparo de arma de fogo em Santaluz; suspeito seria antigo desafeto da v\u00edtima - Portal raizes noticias\" \/>\n<meta property=\"og:description\" content=\"Um adolescente de 17 anos ficou ferido ap\u00f3s ser atingido por um disparo de arma de fogo na madrugada deste domingo (28), no bairro Nova Esperan\u00e7a, em Santaluz, na regi\u00e3o sisaleira. PUBLICIDADE De acordo com informa\u00e7\u00f5es da Pol\u00edcia Militar,\u00a0o jovem, identificado pelas iniciais L. A. S. C, relatou que participava de um evento do tipo cavalgada quando foi atingido no bra\u00e7o esquerdo. PUBLICIDADE Ele afirmou n\u00e3o ter visto a origem do disparo, mas disse acreditar que o autor possa ser um desafeto antigo morador do bairro A\u00e7ude Tapera. A v\u00edtima n\u00e3o conseguiu fornecer mais detalhes sobre o suspeito. PUBLICIDADE Ap\u00f3s a confirma\u00e7\u00e3o da ocorr\u00eancia, os policiais realizaram rondas na tentativa de localizar e identificar o poss\u00edvel autor do crime, por\u00e9m ningu\u00e9m foi preso at\u00e9 o momento. O caso foi registrado como disparo de arma de fogo com tentativa de homic\u00eddio e dever\u00e1 ser investigado pela Pol\u00edcia Civil. O estado de sa\u00fade do adolescente n\u00e3o foi detalhado.\" \/>\n<meta property=\"og:url\" content=\"https:\/\/portalraizesnoticias.com.br\/?p=10129\" \/>\n<meta property=\"og:site_name\" content=\"Portal raizes noticias\" \/>\n<meta property=\"article:published_time\" content=\"2025-12-28T19:33:12+00:00\" \/>\n<meta property=\"article:modified_time\" content=\"2025-12-28T19:33:13+00:00\" \/>\n<meta property=\"og:image\" content=\"https:\/\/portalraizesnoticias.com.br\/wp-content\/uploads\/2025\/04\/arma_de_fogo_cacs-768x461-1.jpg\" \/>\n\t<meta property=\"og:image:width\" content=\"768\" \/>\n\t<meta property=\"og:image:height\" content=\"461\" \/>\n\t<meta property=\"og:image:type\" content=\"image\/jpeg\" \/>\n<meta name=\"author\" content=\"Portal Raizes\" \/>\n<meta name=\"twitter:card\" content=\"summary_large_image\" \/>\n<meta name=\"twitter:label1\" content=\"Escrito por\" \/>\n\t<meta name=\"twitter:data1\" content=\"Portal Raizes\" \/>\n\t<meta name=\"twitter:label2\" content=\"Est. tempo de leitura\" \/>\n\t<meta name=\"twitter:data2\" content=\"2 minutos\" \/>\n<script type=\"application\/ld+json\" class=\"yoast-schema-graph\">{\"@context\":\"https:\/\/schema.org\",\"@graph\":[{\"@type\":\"Article\",\"@id\":\"https:\/\/portalraizesnoticias.com.br\/?p=10129#article\",\"isPartOf\":{\"@id\":\"https:\/\/portalraizesnoticias.com.br\/?p=10129\"},\"author\":{\"name\":\"Portal Raizes\",\"@id\":\"https:\/\/portalraizesnoticias.com.br\/#\/schema\/person\/a3ca6b0fc701e78df19756c417d943ae\"},\"headline\":\"Adolescente \u00e9 ferido por disparo de arma de fogo em Santaluz; suspeito seria antigo desafeto da v\u00edtima\",\"datePublished\":\"2025-12-28T19:33:12+00:00\",\"dateModified\":\"2025-12-28T19:33:13+00:00\",\"mainEntityOfPage\":{\"@id\":\"https:\/\/portalraizesnoticias.com.br\/?p=10129\"},\"wordCount\":192,\"commentCount\":0,\"publisher\":{\"@id\":\"https:\/\/portalraizesnoticias.com.br\/#organization\"},\"image\":{\"@id\":\"https:\/\/portalraizesnoticias.com.br\/?p=10129#primaryimage\"},\"thumbnailUrl\":\"https:\/\/portalraizesnoticias.com.br\/wp-content\/uploads\/2025\/04\/arma_de_fogo_cacs-768x461-1.jpg\",\"keywords\":[\"Adolescente\",\"Santaluz\",\"Tiro\"],\"articleSection\":[\"DESTAQUES\",\"POLICIA\",\"ULTIMAS NOTICIAS\"],\"inLanguage\":\"pt-BR\",\"potentialAction\":[{\"@type\":\"CommentAction\",\"name\":\"Comment\",\"target\":[\"https:\/\/portalraizesnoticias.com.br\/?p=10129#respond\"]}]},{\"@type\":\"WebPage\",\"@id\":\"https:\/\/portalraizesnoticias.com.br\/?p=10129\",\"url\":\"https:\/\/portalraizesnoticias.com.br\/?p=10129\",\"name\":\"Adolescente \u00e9 ferido por disparo de arma de fogo em Santaluz; suspeito seria antigo desafeto da v\u00edtima - Portal raizes noticias\",\"isPartOf\":{\"@id\":\"https:\/\/portalraizesnoticias.com.br\/#website\"},\"primaryImageOfPage\":{\"@id\":\"https:\/\/portalraizesnoticias.com.br\/?p=10129#primaryimage\"},\"image\":{\"@id\":\"https:\/\/portalraizesnoticias.com.br\/?p=10129#primaryimage\"},\"thumbnailUrl\":\"https:\/\/portalraizesnoticias.com.br\/wp-content\/uploads\/2025\/04\/arma_de_fogo_cacs-768x461-1.jpg\",\"datePublished\":\"2025-12-28T19:33:12+00:00\",\"dateModified\":\"2025-12-28T19:33:13+00:00\",\"breadcrumb\":{\"@id\":\"https:\/\/portalraizesnoticias.com.br\/?p=10129#breadcrumb\"},\"inLanguage\":\"pt-BR\",\"potentialAction\":[{\"@type\":\"ReadAction\",\"target\":[\"https:\/\/portalraizesnoticias.com.br\/?p=10129\"]}]},{\"@type\":\"ImageObject\",\"inLanguage\":\"pt-BR\",\"@id\":\"https:\/\/portalraizesnoticias.com.br\/?p=10129#primaryimage\",\"url\":\"https:\/\/portalraizesnoticias.com.br\/wp-content\/uploads\/2025\/04\/arma_de_fogo_cacs-768x461-1.jpg\",\"contentUrl\":\"https:\/\/portalraizesnoticias.com.br\/wp-content\/uploads\/2025\/04\/arma_de_fogo_cacs-768x461-1.jpg\",\"width\":768,\"height\":461},{\"@type\":\"BreadcrumbList\",\"@id\":\"https:\/\/portalraizesnoticias.com.br\/?p=10129#breadcrumb\",\"itemListElement\":[{\"@type\":\"ListItem\",\"position\":1,\"name\":\"In\u00edcio\",\"item\":\"https:\/\/portalraizesnoticias.com.br\/\"},{\"@type\":\"ListItem\",\"position\":2,\"name\":\"Adolescente \u00e9 ferido por disparo de arma de fogo em Santaluz; suspeito seria antigo desafeto da v\u00edtima\"}]},{\"@type\":\"WebSite\",\"@id\":\"https:\/\/portalraizesnoticias.com.br\/#website\",\"url\":\"https:\/\/portalraizesnoticias.com.br\/\",\"name\":\"Portal raizes NOTICIAS\",\"description\":\"site de noticias de concei\u00e7\u00e3o do coit\u00e9 e regi\u00e3o\",\"publisher\":{\"@id\":\"https:\/\/portalraizesnoticias.com.br\/#organization\"},\"alternateName\":\"PORTAL RAIZES COIT\u00c9\",\"potentialAction\":[{\"@type\":\"SearchAction\",\"target\":{\"@type\":\"EntryPoint\",\"urlTemplate\":\"https:\/\/portalraizesnoticias.com.br\/?s={search_term_string}\"},\"query-input\":{\"@type\":\"PropertyValueSpecification\",\"valueRequired\":true,\"valueName\":\"search_term_string\"}}],\"inLanguage\":\"pt-BR\"},{\"@type\":\"Organization\",\"@id\":\"https:\/\/portalraizesnoticias.com.br\/#organization\",\"name\":\"Portal raizes NOTICIAS\",\"url\":\"https:\/\/portalraizesnoticias.com.br\/\",\"logo\":{\"@type\":\"ImageObject\",\"inLanguage\":\"pt-BR\",\"@id\":\"https:\/\/portalraizesnoticias.com.br\/#\/schema\/logo\/image\/\",\"url\":\"https:\/\/portalraizesnoticias.com.br\/wp-content\/uploads\/2024\/09\/cropped-Captura-de-tela-2024-09-08-011108.png\",\"contentUrl\":\"https:\/\/portalraizesnoticias.com.br\/wp-content\/uploads\/2024\/09\/cropped-Captura-de-tela-2024-09-08-011108.png\",\"width\":606,\"height\":173,\"caption\":\"Portal raizes NOTICIAS\"},\"image\":{\"@id\":\"https:\/\/portalraizesnoticias.com.br\/#\/schema\/logo\/image\/\"}},{\"@type\":\"Person\",\"@id\":\"https:\/\/portalraizesnoticias.com.br\/#\/schema\/person\/a3ca6b0fc701e78df19756c417d943ae\",\"name\":\"Portal Raizes\",\"image\":{\"@type\":\"ImageObject\",\"inLanguage\":\"pt-BR\",\"@id\":\"https:\/\/portalraizesnoticias.com.br\/#\/schema\/person\/image\/\",\"url\":\"https:\/\/secure.gravatar.com\/avatar\/ef450d29013a3d3fba867a12a249d7b1?s=96&d=mm&r=g\",\"contentUrl\":\"https:\/\/secure.gravatar.com\/avatar\/ef450d29013a3d3fba867a12a249d7b1?s=96&d=mm&r=g\",\"caption\":\"Portal Raizes\"},\"url\":\"https:\/\/portalraizesnoticias.com.br\/?author=3\"}]}<\/script>\n<!-- \/ Yoast SEO plugin. -->","yoast_head_json":{"title":"Adolescente \u00e9 ferido por disparo de arma de fogo em Santaluz; suspeito seria antigo desafeto da v\u00edtima - Portal raizes noticias","robots":{"index":"index","follow":"follow","max-snippet":"max-snippet:-1","max-image-preview":"max-image-preview:large","max-video-preview":"max-video-preview:-1"},"canonical":"https:\/\/portalraizesnoticias.com.br\/?p=10129","og_locale":"pt_BR","og_type":"article","og_title":"Adolescente \u00e9 ferido por disparo de arma de fogo em Santaluz; suspeito seria antigo desafeto da v\u00edtima - Portal raizes noticias","og_description":"Um adolescente de 17 anos ficou ferido ap\u00f3s ser atingido por um disparo de arma de fogo na madrugada deste domingo (28), no bairro Nova Esperan\u00e7a, em Santaluz, na regi\u00e3o sisaleira. PUBLICIDADE De acordo com informa\u00e7\u00f5es da Pol\u00edcia Militar,\u00a0o jovem, identificado pelas iniciais L. A. S. C, relatou que participava de um evento do tipo cavalgada quando foi atingido no bra\u00e7o esquerdo. PUBLICIDADE Ele afirmou n\u00e3o ter visto a origem do disparo, mas disse acreditar que o autor possa ser um desafeto antigo morador do bairro A\u00e7ude Tapera. A v\u00edtima n\u00e3o conseguiu fornecer mais detalhes sobre o suspeito. PUBLICIDADE Ap\u00f3s a confirma\u00e7\u00e3o da ocorr\u00eancia, os policiais realizaram rondas na tentativa de localizar e identificar o poss\u00edvel autor do crime, por\u00e9m ningu\u00e9m foi preso at\u00e9 o momento. O caso foi registrado como disparo de arma de fogo com tentativa de homic\u00eddio e dever\u00e1 ser investigado pela Pol\u00edcia Civil. O estado de sa\u00fade do adolescente n\u00e3o foi detalhado.","og_url":"https:\/\/portalraizesnoticias.com.br\/?p=10129","og_site_name":"Portal raizes noticias","article_published_time":"2025-12-28T19:33:12+00:00","article_modified_time":"2025-12-28T19:33:13+00:00","og_image":[{"width":768,"height":461,"url":"https:\/\/portalraizesnoticias.com.br\/wp-content\/uploads\/2025\/04\/arma_de_fogo_cacs-768x461-1.jpg","type":"image\/jpeg"}],"author":"Portal Raizes","twitter_card":"summary_large_image","twitter_misc":{"Escrito por":"Portal Raizes","Est. tempo de leitura":"2 minutos"},"schema":{"@context":"https:\/\/schema.org","@graph":[{"@type":"Article","@id":"https:\/\/portalraizesnoticias.com.br\/?p=10129#article","isPartOf":{"@id":"https:\/\/portalraizesnoticias.com.br\/?p=10129"},"author":{"name":"Portal Raizes","@id":"https:\/\/portalraizesnoticias.com.br\/#\/schema\/person\/a3ca6b0fc701e78df19756c417d943ae"},"headline":"Adolescente \u00e9 ferido por disparo de arma de fogo em Santaluz; suspeito seria antigo desafeto da v\u00edtima","datePublished":"2025-12-28T19:33:12+00:00","dateModified":"2025-12-28T19:33:13+00:00","mainEntityOfPage":{"@id":"https:\/\/portalraizesnoticias.com.br\/?p=10129"},"wordCount":192,"commentCount":0,"publisher":{"@id":"https:\/\/portalraizesnoticias.com.br\/#organization"},"image":{"@id":"https:\/\/portalraizesnoticias.com.br\/?p=10129#primaryimage"},"thumbnailUrl":"https:\/\/portalraizesnoticias.com.br\/wp-content\/uploads\/2025\/04\/arma_de_fogo_cacs-768x461-1.jpg","keywords":["Adolescente","Santaluz","Tiro"],"articleSection":["DESTAQUES","POLICIA","ULTIMAS NOTICIAS"],"inLanguage":"pt-BR","potentialAction":[{"@type":"CommentAction","name":"Comment","target":["https:\/\/portalraizesnoticias.com.br\/?p=10129#respond"]}]},{"@type":"WebPage","@id":"https:\/\/portalraizesnoticias.com.br\/?p=10129","url":"https:\/\/portalraizesnoticias.com.br\/?p=10129","name":"Adolescente \u00e9 ferido por disparo de arma de fogo em Santaluz; suspeito seria antigo desafeto da v\u00edtima - Portal raizes noticias","isPartOf":{"@id":"https:\/\/portalraizesnoticias.com.br\/#website"},"primaryImageOfPage":{"@id":"https:\/\/portalraizesnoticias.com.br\/?p=10129#primaryimage"},"image":{"@id":"https:\/\/portalraizesnoticias.com.br\/?p=10129#primaryimage"},"thumbnailUrl":"https:\/\/portalraizesnoticias.com.br\/wp-content\/uploads\/2025\/04\/arma_de_fogo_cacs-768x461-1.jpg","datePublished":"2025-12-28T19:33:12+00:00","dateModified":"2025-12-28T19:33:13+00:00","breadcrumb":{"@id":"https:\/\/portalraizesnoticias.com.br\/?p=10129#breadcrumb"},"inLanguage":"pt-BR","potentialAction":[{"@type":"ReadAction","target":["https:\/\/portalraizesnoticias.com.br\/?p=10129"]}]},{"@type":"ImageObject","inLanguage":"pt-BR","@id":"https:\/\/portalraizesnoticias.com.br\/?p=10129#primaryimage","url":"https:\/\/portalraizesnoticias.com.br\/wp-content\/uploads\/2025\/04\/arma_de_fogo_cacs-768x461-1.jpg","contentUrl":"https:\/\/portalraizesnoticias.com.br\/wp-content\/uploads\/2025\/04\/arma_de_fogo_cacs-768x461-1.jpg","width":768,"height":461},{"@type":"BreadcrumbList","@id":"https:\/\/portalraizesnoticias.com.br\/?p=10129#breadcrumb","itemListElement":[{"@type":"ListItem","position":1,"name":"In\u00edcio","item":"https:\/\/portalraizesnoticias.com.br\/"},{"@type":"ListItem","position":2,"name":"Adolescente \u00e9 ferido por disparo de arma de fogo em Santaluz; suspeito seria antigo desafeto da v\u00edtima"}]},{"@type":"WebSite","@id":"https:\/\/portalraizesnoticias.com.br\/#website","url":"https:\/\/portalraizesnoticias.com.br\/","name":"Portal raizes NOTICIAS","description":"site de noticias de concei\u00e7\u00e3o do coit\u00e9 e regi\u00e3o","publisher":{"@id":"https:\/\/portalraizesnoticias.com.br\/#organization"},"alternateName":"PORTAL RAIZES COIT\u00c9","potentialAction":[{"@type":"SearchAction","target":{"@type":"EntryPoint","urlTemplate":"https:\/\/portalraizesnoticias.com.br\/?s={search_term_string}"},"query-input":{"@type":"PropertyValueSpecification","valueRequired":true,"valueName":"search_term_string"}}],"inLanguage":"pt-BR"},{"@type":"Organization","@id":"https:\/\/portalraizesnoticias.com.br\/#organization","name":"Portal raizes NOTICIAS","url":"https:\/\/portalraizesnoticias.com.br\/","logo":{"@type":"ImageObject","inLanguage":"pt-BR","@id":"https:\/\/portalraizesnoticias.com.br\/#\/schema\/logo\/image\/","url":"https:\/\/portalraizesnoticias.com.br\/wp-content\/uploads\/2024\/09\/cropped-Captura-de-tela-2024-09-08-011108.png","contentUrl":"https:\/\/portalraizesnoticias.com.br\/wp-content\/uploads\/2024\/09\/cropped-Captura-de-tela-2024-09-08-011108.png","width":606,"height":173,"caption":"Portal raizes NOTICIAS"},"image":{"@id":"https:\/\/portalraizesnoticias.com.br\/#\/schema\/logo\/image\/"}},{"@type":"Person","@id":"https:\/\/portalraizesnoticias.com.br\/#\/schema\/person\/a3ca6b0fc701e78df19756c417d943ae","name":"Portal Raizes","image":{"@type":"ImageObject","inLanguage":"pt-BR","@id":"https:\/\/portalraizesnoticias.com.br\/#\/schema\/person\/image\/","url":"https:\/\/secure.gravatar.com\/avatar\/ef450d29013a3d3fba867a12a249d7b1?s=96&d=mm&r=g","contentUrl":"https:\/\/secure.gravatar.com\/avatar\/ef450d29013a3d3fba867a12a249d7b1?s=96&d=mm&r=g","caption":"Portal Raizes"},"url":"https:\/\/portalraizesnoticias.com.br\/?author=3"}]}},"_links":{"self":[{"href":"https:\/\/portalraizesnoticias.com.br\/index.php?rest_route=\/wp\/v2\/posts\/10129"}],"collection":[{"href":"https:\/\/portalraizesnoticias.com.br\/index.php?rest_route=\/wp\/v2\/posts"}],"about":[{"href":"https:\/\/portalraizesnoticias.com.br\/index.php?rest_route=\/wp\/v2\/types\/post"}],"author":[{"embeddable":true,"href":"https:\/\/portalraizesnoticias.com.br\/index.php?rest_route=\/wp\/v2\/users\/3"}],"replies":[{"embeddable":true,"href":"https:\/\/portalraizesnoticias.com.br\/index.php?rest_route=%2Fwp%2Fv2%2Fcomments&post=10129"}],"version-history":[{"count":2,"href":"https:\/\/portalraizesnoticias.com.br\/index.php?rest_route=\/wp\/v2\/posts\/10129\/revisions"}],"predecessor-version":[{"id":10131,"href":"https:\/\/portalraizesnoticias.com.br\/index.php?rest_route=\/wp\/v2\/posts\/10129\/revisions\/10131"}],"wp:featuredmedia":[{"embeddable":true,"href":"https:\/\/portalraizesnoticias.com.br\/index.php?rest_route=\/wp\/v2\/media\/5739"}],"wp:attachment":[{"href":"https:\/\/portalraizesnoticias.com.br\/index.php?rest_route=%2Fwp%2Fv2%2Fmedia&parent=10129"}],"wp:term":[{"taxonomy":"category","embeddable":true,"href":"https:\/\/portalraizesnoticias.com.br\/index.php?rest_route=%2Fwp%2Fv2%2Fcategories&post=10129"},{"taxonomy":"post_tag","embeddable":true,"href":"https:\/\/portalraizesnoticias.com.br\/index.php?rest_route=%2Fwp%2Fv2%2Ftags&post=10129"}],"curies":[{"name":"wp","href":"https:\/\/api.w.org\/{rel}","templated":true}]}}