{"id":10126,"date":"2025-12-28T03:10:56","date_gmt":"2025-12-28T06:10:56","guid":{"rendered":"https:\/\/portalraizesnoticias.com.br\/?p=10126"},"modified":"2025-12-28T03:10:57","modified_gmt":"2025-12-28T06:10:57","slug":"homem-invade-casa-do-irmao-ataca-com-faca-e-tambem-e-ferido-pelo-familiar-com-facao-em-araci","status":"publish","type":"post","link":"https:\/\/portalraizesnoticias.com.br\/?p=10126","title":{"rendered":"Homem invade casa do irm\u00e3o, ataca com faca e tamb\u00e9m \u00e9 ferido pelo familiar com fac\u00e3o em Araci"},"content":{"rendered":"<p>Uma tentativa de homic\u00eddio foi registrada na tarde deste s\u00e1bado (27), por volta das 18h, na zona rural do munic\u00edpio de Araci. O caso ocorreu na\u00a0 localidade de Pedra Furada, nas proximidades da comunidade de Ribeira 1.<\/p>\n<p><img fetchpriority=\"high\" decoding=\"async\" class=\"size-medium wp-image-1905 aligncenter\" src=\"https:\/\/portalraizesnoticias.com.br\/wp-content\/uploads\/2024\/10\/Banner-quadrado-Mercadinho-Carneiro-1-300x300.jpg\" alt=\"\" width=\"300\" height=\"300\" srcset=\"https:\/\/portalraizesnoticias.com.br\/wp-content\/uploads\/2024\/10\/Banner-quadrado-Mercadinho-Carneiro-1-300x300.jpg 300w, https:\/\/portalraizesnoticias.com.br\/wp-content\/uploads\/2024\/10\/Banner-quadrado-Mercadinho-Carneiro-1-1024x1024.jpg 1024w, https:\/\/portalraizesnoticias.com.br\/wp-content\/uploads\/2024\/10\/Banner-quadrado-Mercadinho-Carneiro-1-150x150.jpg 150w, https:\/\/portalraizesnoticias.com.br\/wp-content\/uploads\/2024\/10\/Banner-quadrado-Mercadinho-Carneiro-1-768x768.jpg 768w, https:\/\/portalraizesnoticias.com.br\/wp-content\/uploads\/2024\/10\/Banner-quadrado-Mercadinho-Carneiro-1-200x200.jpg 200w, https:\/\/portalraizesnoticias.com.br\/wp-content\/uploads\/2024\/10\/Banner-quadrado-Mercadinho-Carneiro-1-700x700.jpg 700w, https:\/\/portalraizesnoticias.com.br\/wp-content\/uploads\/2024\/10\/Banner-quadrado-Mercadinho-Carneiro-1-620x620.jpg 620w, https:\/\/portalraizesnoticias.com.br\/wp-content\/uploads\/2024\/10\/Banner-quadrado-Mercadinho-Carneiro-1-400x400.jpg 400w, https:\/\/portalraizesnoticias.com.br\/wp-content\/uploads\/2024\/10\/Banner-quadrado-Mercadinho-Carneiro-1.jpg 1080w\" sizes=\"(max-width: 300px) 100vw, 300px\" \/><\/p>\n<p style=\"text-align: center;\"><strong>PUBLICIDADE<\/strong><\/p>\n<p>De acordo com informa\u00e7\u00f5es da Pol\u00edcia Militar, dois irm\u00e3os deram entrada na Unidade de Pronto Atendimento (UPA) de Araci com ferimentos provocados por arma branca, faca e fac\u00e3o.<\/p>\n<p><img decoding=\"async\" class=\"size-medium wp-image-1970 aligncenter\" src=\"https:\/\/portalraizesnoticias.com.br\/wp-content\/uploads\/2024\/11\/Banner-home-center-300x300.jpg\" alt=\"\" width=\"300\" height=\"300\" srcset=\"https:\/\/portalraizesnoticias.com.br\/wp-content\/uploads\/2024\/11\/Banner-home-center-300x300.jpg 300w, https:\/\/portalraizesnoticias.com.br\/wp-content\/uploads\/2024\/11\/Banner-home-center-1024x1024.jpg 1024w, https:\/\/portalraizesnoticias.com.br\/wp-content\/uploads\/2024\/11\/Banner-home-center-150x150.jpg 150w, https:\/\/portalraizesnoticias.com.br\/wp-content\/uploads\/2024\/11\/Banner-home-center-768x768.jpg 768w, https:\/\/portalraizesnoticias.com.br\/wp-content\/uploads\/2024\/11\/Banner-home-center-700x700.jpg 700w, https:\/\/portalraizesnoticias.com.br\/wp-content\/uploads\/2024\/11\/Banner-home-center-620x620.jpg 620w, https:\/\/portalraizesnoticias.com.br\/wp-content\/uploads\/2024\/11\/Banner-home-center-400x400.jpg 400w, https:\/\/portalraizesnoticias.com.br\/wp-content\/uploads\/2024\/11\/Banner-home-center.jpg 1080w\" sizes=\"(max-width: 300px) 100vw, 300px\" \/><\/p>\n<p style=\"text-align: center;\"><strong>PUBLICIDADE<\/strong><\/p>\n<p>Os envolvidos, identificados como G. S de 37 anos, e V. S de 39 anos, apresentavam ferimentos no peito, bra\u00e7o e abd\u00f4men.<\/p>\n<p>Ambos receberam atendimento m\u00e9dico e permaneceram em observa\u00e7\u00e3o, com possibilidade de regula\u00e7\u00e3o para outra unidade hospitalar.<\/p>\n<p>Ainda segundo relato colhido pela PM, a filha de V.\u00a0 informou que o pai estava deitado em sua resid\u00eancia quando o irm\u00e3o teria entrado no im\u00f3vel pela janela e desferido golpes de faca.<\/p>\n<p>Para se defender, o pai da jovem teria corrido at\u00e9 a cozinha, pegado um fac\u00e3o que estava no arm\u00e1rio e atingido o irm\u00e3o com v\u00e1rios golpes. Mesmo ferido, ele\u00a0 fugiu do local.<\/p>\n<p>A testemunha relatou ainda\u00a0 aos policiais que um dos irm\u00e3os\u00a0 apresenta problemas psicol\u00f3gicos e que, segundo ela, vinha afirmando ser perseguido e amea\u00e7ado pelo irm\u00e3o, acusa\u00e7\u00f5es consideradas sem fundamento pela fam\u00edlia.<\/p>\n<p>Ambos foram socorridos por familiares e levados para a UPA de Araci.<\/p>\n<p>.As circunst\u00e2ncias da ocorr\u00eancia dever\u00e3o ser apuradas pela Pol\u00edcia Civil.<\/p>\n<p>Reda\u00e7\u00e3o com informa\u00e7\u00f5es da PM<\/p>\n","protected":false},"excerpt":{"rendered":"<p>Uma tentativa de homic\u00eddio foi registrada na tarde deste s\u00e1bado (27), por volta das 18h, na zona rural do munic\u00edpio de Araci. O caso ocorreu na\u00a0 localidade de Pedra Furada, nas proximidades da comunidade de Ribeira 1. PUBLICIDADE De acordo com informa\u00e7\u00f5es da Pol\u00edcia Militar, dois irm\u00e3os deram entrada na Unidade de Pronto Atendimento (UPA) de Araci com ferimentos provocados por arma branca, faca e fac\u00e3o. PUBLICIDADE Os envolvidos, identificados como G. S de 37 anos, e V. S de 39 anos, apresentavam ferimentos no peito, bra\u00e7o e abd\u00f4men. Ambos receberam atendimento m\u00e9dico e permaneceram em observa\u00e7\u00e3o, com possibilidade de regula\u00e7\u00e3o para outra unidade hospitalar. Ainda segundo relato colhido pela PM, a filha de V.\u00a0 informou que o pai estava deitado em sua resid\u00eancia quando o irm\u00e3o teria entrado no im\u00f3vel pela janela e desferido golpes de faca. Para se defender, o pai da jovem teria corrido at\u00e9 a cozinha, pegado um fac\u00e3o que estava no arm\u00e1rio e atingido o irm\u00e3o com v\u00e1rios golpes. Mesmo ferido, ele\u00a0 fugiu do local. A testemunha relatou ainda\u00a0 aos policiais que um dos irm\u00e3os\u00a0 apresenta problemas psicol\u00f3gicos e que, segundo ela, vinha afirmando ser perseguido e amea\u00e7ado pelo irm\u00e3o, acusa\u00e7\u00f5es consideradas sem fundamento pela fam\u00edlia. Ambos foram socorridos por familiares e levados para a UPA de Araci. .As circunst\u00e2ncias da ocorr\u00eancia dever\u00e3o ser apuradas pela Pol\u00edcia Civil. Reda\u00e7\u00e3o com informa\u00e7\u00f5es da PM<\/p>\n","protected":false},"author":3,"featured_media":8988,"comment_status":"open","ping_status":"open","sticky":false,"template":"","format":"standard","meta":{"_joinchat":[],"footnotes":""},"categories":[55,67,59],"tags":[],"class_list":["post-10126","post","type-post","status-publish","format-standard","has-post-thumbnail","hentry","category-destaques","category-policia","category-ultimas-noticias"],"yoast_head":"<!-- This site is optimized with the Yoast SEO plugin v24.4 - https:\/\/yoast.com\/wordpress\/plugins\/seo\/ -->\n<title>Homem invade casa do irm\u00e3o, ataca com faca e tamb\u00e9m \u00e9 ferido pelo familiar com fac\u00e3o em Araci - Portal raizes noticias<\/title>\n<meta name=\"robots\" content=\"index, follow, max-snippet:-1, max-image-preview:large, max-video-preview:-1\" \/>\n<link rel=\"canonical\" href=\"https:\/\/portalraizesnoticias.com.br\/?p=10126\" \/>\n<meta property=\"og:locale\" content=\"pt_BR\" \/>\n<meta property=\"og:type\" content=\"article\" \/>\n<meta property=\"og:title\" content=\"Homem invade casa do irm\u00e3o, ataca com faca e tamb\u00e9m \u00e9 ferido pelo familiar com fac\u00e3o em Araci - Portal raizes noticias\" \/>\n<meta property=\"og:description\" content=\"Uma tentativa de homic\u00eddio foi registrada na tarde deste s\u00e1bado (27), por volta das 18h, na zona rural do munic\u00edpio de Araci. O caso ocorreu na\u00a0 localidade de Pedra Furada, nas proximidades da comunidade de Ribeira 1. PUBLICIDADE De acordo com informa\u00e7\u00f5es da Pol\u00edcia Militar, dois irm\u00e3os deram entrada na Unidade de Pronto Atendimento (UPA) de Araci com ferimentos provocados por arma branca, faca e fac\u00e3o. PUBLICIDADE Os envolvidos, identificados como G. S de 37 anos, e V. S de 39 anos, apresentavam ferimentos no peito, bra\u00e7o e abd\u00f4men. Ambos receberam atendimento m\u00e9dico e permaneceram em observa\u00e7\u00e3o, com possibilidade de regula\u00e7\u00e3o para outra unidade hospitalar. Ainda segundo relato colhido pela PM, a filha de V.\u00a0 informou que o pai estava deitado em sua resid\u00eancia quando o irm\u00e3o teria entrado no im\u00f3vel pela janela e desferido golpes de faca. Para se defender, o pai da jovem teria corrido at\u00e9 a cozinha, pegado um fac\u00e3o que estava no arm\u00e1rio e atingido o irm\u00e3o com v\u00e1rios golpes. Mesmo ferido, ele\u00a0 fugiu do local. A testemunha relatou ainda\u00a0 aos policiais que um dos irm\u00e3os\u00a0 apresenta problemas psicol\u00f3gicos e que, segundo ela, vinha afirmando ser perseguido e amea\u00e7ado pelo irm\u00e3o, acusa\u00e7\u00f5es consideradas sem fundamento pela fam\u00edlia. Ambos foram socorridos por familiares e levados para a UPA de Araci. .As circunst\u00e2ncias da ocorr\u00eancia dever\u00e3o ser apuradas pela Pol\u00edcia Civil. Reda\u00e7\u00e3o com informa\u00e7\u00f5es da PM\" \/>\n<meta property=\"og:url\" content=\"https:\/\/portalraizesnoticias.com.br\/?p=10126\" \/>\n<meta property=\"og:site_name\" content=\"Portal raizes noticias\" \/>\n<meta property=\"article:published_time\" content=\"2025-12-28T06:10:56+00:00\" \/>\n<meta property=\"article:modified_time\" content=\"2025-12-28T06:10:57+00:00\" \/>\n<meta property=\"og:image\" content=\"https:\/\/portalraizesnoticias.com.br\/wp-content\/uploads\/2025\/10\/IMG-20251024-WA0411.jpg\" \/>\n\t<meta property=\"og:image:width\" content=\"1600\" \/>\n\t<meta property=\"og:image:height\" content=\"1600\" \/>\n\t<meta property=\"og:image:type\" content=\"image\/jpeg\" \/>\n<meta name=\"author\" content=\"Portal Raizes\" \/>\n<meta name=\"twitter:card\" content=\"summary_large_image\" \/>\n<meta name=\"twitter:label1\" content=\"Escrito por\" \/>\n\t<meta name=\"twitter:data1\" content=\"Portal Raizes\" \/>\n\t<meta name=\"twitter:label2\" content=\"Est. tempo de leitura\" \/>\n\t<meta name=\"twitter:data2\" content=\"2 minutos\" \/>\n<script type=\"application\/ld+json\" class=\"yoast-schema-graph\">{\"@context\":\"https:\/\/schema.org\",\"@graph\":[{\"@type\":\"Article\",\"@id\":\"https:\/\/portalraizesnoticias.com.br\/?p=10126#article\",\"isPartOf\":{\"@id\":\"https:\/\/portalraizesnoticias.com.br\/?p=10126\"},\"author\":{\"name\":\"Portal Raizes\",\"@id\":\"https:\/\/portalraizesnoticias.com.br\/#\/schema\/person\/a3ca6b0fc701e78df19756c417d943ae\"},\"headline\":\"Homem invade casa do irm\u00e3o, ataca com faca e tamb\u00e9m \u00e9 ferido pelo familiar com fac\u00e3o em Araci\",\"datePublished\":\"2025-12-28T06:10:56+00:00\",\"dateModified\":\"2025-12-28T06:10:57+00:00\",\"mainEntityOfPage\":{\"@id\":\"https:\/\/portalraizesnoticias.com.br\/?p=10126\"},\"wordCount\":275,\"commentCount\":0,\"publisher\":{\"@id\":\"https:\/\/portalraizesnoticias.com.br\/#organization\"},\"image\":{\"@id\":\"https:\/\/portalraizesnoticias.com.br\/?p=10126#primaryimage\"},\"thumbnailUrl\":\"https:\/\/portalraizesnoticias.com.br\/wp-content\/uploads\/2025\/10\/IMG-20251024-WA0411.jpg\",\"articleSection\":[\"DESTAQUES\",\"POLICIA\",\"ULTIMAS NOTICIAS\"],\"inLanguage\":\"pt-BR\",\"potentialAction\":[{\"@type\":\"CommentAction\",\"name\":\"Comment\",\"target\":[\"https:\/\/portalraizesnoticias.com.br\/?p=10126#respond\"]}]},{\"@type\":\"WebPage\",\"@id\":\"https:\/\/portalraizesnoticias.com.br\/?p=10126\",\"url\":\"https:\/\/portalraizesnoticias.com.br\/?p=10126\",\"name\":\"Homem invade casa do irm\u00e3o, ataca com faca e tamb\u00e9m \u00e9 ferido pelo familiar com fac\u00e3o em Araci - Portal raizes noticias\",\"isPartOf\":{\"@id\":\"https:\/\/portalraizesnoticias.com.br\/#website\"},\"primaryImageOfPage\":{\"@id\":\"https:\/\/portalraizesnoticias.com.br\/?p=10126#primaryimage\"},\"image\":{\"@id\":\"https:\/\/portalraizesnoticias.com.br\/?p=10126#primaryimage\"},\"thumbnailUrl\":\"https:\/\/portalraizesnoticias.com.br\/wp-content\/uploads\/2025\/10\/IMG-20251024-WA0411.jpg\",\"datePublished\":\"2025-12-28T06:10:56+00:00\",\"dateModified\":\"2025-12-28T06:10:57+00:00\",\"breadcrumb\":{\"@id\":\"https:\/\/portalraizesnoticias.com.br\/?p=10126#breadcrumb\"},\"inLanguage\":\"pt-BR\",\"potentialAction\":[{\"@type\":\"ReadAction\",\"target\":[\"https:\/\/portalraizesnoticias.com.br\/?p=10126\"]}]},{\"@type\":\"ImageObject\",\"inLanguage\":\"pt-BR\",\"@id\":\"https:\/\/portalraizesnoticias.com.br\/?p=10126#primaryimage\",\"url\":\"https:\/\/portalraizesnoticias.com.br\/wp-content\/uploads\/2025\/10\/IMG-20251024-WA0411.jpg\",\"contentUrl\":\"https:\/\/portalraizesnoticias.com.br\/wp-content\/uploads\/2025\/10\/IMG-20251024-WA0411.jpg\",\"width\":1600,\"height\":1600},{\"@type\":\"BreadcrumbList\",\"@id\":\"https:\/\/portalraizesnoticias.com.br\/?p=10126#breadcrumb\",\"itemListElement\":[{\"@type\":\"ListItem\",\"position\":1,\"name\":\"In\u00edcio\",\"item\":\"https:\/\/portalraizesnoticias.com.br\/\"},{\"@type\":\"ListItem\",\"position\":2,\"name\":\"Homem invade casa do irm\u00e3o, ataca com faca e tamb\u00e9m \u00e9 ferido pelo familiar com fac\u00e3o em Araci\"}]},{\"@type\":\"WebSite\",\"@id\":\"https:\/\/portalraizesnoticias.com.br\/#website\",\"url\":\"https:\/\/portalraizesnoticias.com.br\/\",\"name\":\"Portal raizes NOTICIAS\",\"description\":\"site de noticias de concei\u00e7\u00e3o do coit\u00e9 e regi\u00e3o\",\"publisher\":{\"@id\":\"https:\/\/portalraizesnoticias.com.br\/#organization\"},\"alternateName\":\"PORTAL RAIZES COIT\u00c9\",\"potentialAction\":[{\"@type\":\"SearchAction\",\"target\":{\"@type\":\"EntryPoint\",\"urlTemplate\":\"https:\/\/portalraizesnoticias.com.br\/?s={search_term_string}\"},\"query-input\":{\"@type\":\"PropertyValueSpecification\",\"valueRequired\":true,\"valueName\":\"search_term_string\"}}],\"inLanguage\":\"pt-BR\"},{\"@type\":\"Organization\",\"@id\":\"https:\/\/portalraizesnoticias.com.br\/#organization\",\"name\":\"Portal raizes NOTICIAS\",\"url\":\"https:\/\/portalraizesnoticias.com.br\/\",\"logo\":{\"@type\":\"ImageObject\",\"inLanguage\":\"pt-BR\",\"@id\":\"https:\/\/portalraizesnoticias.com.br\/#\/schema\/logo\/image\/\",\"url\":\"https:\/\/portalraizesnoticias.com.br\/wp-content\/uploads\/2024\/09\/cropped-Captura-de-tela-2024-09-08-011108.png\",\"contentUrl\":\"https:\/\/portalraizesnoticias.com.br\/wp-content\/uploads\/2024\/09\/cropped-Captura-de-tela-2024-09-08-011108.png\",\"width\":606,\"height\":173,\"caption\":\"Portal raizes NOTICIAS\"},\"image\":{\"@id\":\"https:\/\/portalraizesnoticias.com.br\/#\/schema\/logo\/image\/\"}},{\"@type\":\"Person\",\"@id\":\"https:\/\/portalraizesnoticias.com.br\/#\/schema\/person\/a3ca6b0fc701e78df19756c417d943ae\",\"name\":\"Portal Raizes\",\"image\":{\"@type\":\"ImageObject\",\"inLanguage\":\"pt-BR\",\"@id\":\"https:\/\/portalraizesnoticias.com.br\/#\/schema\/person\/image\/\",\"url\":\"https:\/\/secure.gravatar.com\/avatar\/ef450d29013a3d3fba867a12a249d7b1?s=96&d=mm&r=g\",\"contentUrl\":\"https:\/\/secure.gravatar.com\/avatar\/ef450d29013a3d3fba867a12a249d7b1?s=96&d=mm&r=g\",\"caption\":\"Portal Raizes\"},\"url\":\"https:\/\/portalraizesnoticias.com.br\/?author=3\"}]}<\/script>\n<!-- \/ Yoast SEO plugin. -->","yoast_head_json":{"title":"Homem invade casa do irm\u00e3o, ataca com faca e tamb\u00e9m \u00e9 ferido pelo familiar com fac\u00e3o em Araci - Portal raizes noticias","robots":{"index":"index","follow":"follow","max-snippet":"max-snippet:-1","max-image-preview":"max-image-preview:large","max-video-preview":"max-video-preview:-1"},"canonical":"https:\/\/portalraizesnoticias.com.br\/?p=10126","og_locale":"pt_BR","og_type":"article","og_title":"Homem invade casa do irm\u00e3o, ataca com faca e tamb\u00e9m \u00e9 ferido pelo familiar com fac\u00e3o em Araci - Portal raizes noticias","og_description":"Uma tentativa de homic\u00eddio foi registrada na tarde deste s\u00e1bado (27), por volta das 18h, na zona rural do munic\u00edpio de Araci. O caso ocorreu na\u00a0 localidade de Pedra Furada, nas proximidades da comunidade de Ribeira 1. PUBLICIDADE De acordo com informa\u00e7\u00f5es da Pol\u00edcia Militar, dois irm\u00e3os deram entrada na Unidade de Pronto Atendimento (UPA) de Araci com ferimentos provocados por arma branca, faca e fac\u00e3o. PUBLICIDADE Os envolvidos, identificados como G. S de 37 anos, e V. S de 39 anos, apresentavam ferimentos no peito, bra\u00e7o e abd\u00f4men. Ambos receberam atendimento m\u00e9dico e permaneceram em observa\u00e7\u00e3o, com possibilidade de regula\u00e7\u00e3o para outra unidade hospitalar. Ainda segundo relato colhido pela PM, a filha de V.\u00a0 informou que o pai estava deitado em sua resid\u00eancia quando o irm\u00e3o teria entrado no im\u00f3vel pela janela e desferido golpes de faca. Para se defender, o pai da jovem teria corrido at\u00e9 a cozinha, pegado um fac\u00e3o que estava no arm\u00e1rio e atingido o irm\u00e3o com v\u00e1rios golpes. Mesmo ferido, ele\u00a0 fugiu do local. A testemunha relatou ainda\u00a0 aos policiais que um dos irm\u00e3os\u00a0 apresenta problemas psicol\u00f3gicos e que, segundo ela, vinha afirmando ser perseguido e amea\u00e7ado pelo irm\u00e3o, acusa\u00e7\u00f5es consideradas sem fundamento pela fam\u00edlia. Ambos foram socorridos por familiares e levados para a UPA de Araci. .As circunst\u00e2ncias da ocorr\u00eancia dever\u00e3o ser apuradas pela Pol\u00edcia Civil. Reda\u00e7\u00e3o com informa\u00e7\u00f5es da PM","og_url":"https:\/\/portalraizesnoticias.com.br\/?p=10126","og_site_name":"Portal raizes noticias","article_published_time":"2025-12-28T06:10:56+00:00","article_modified_time":"2025-12-28T06:10:57+00:00","og_image":[{"width":1600,"height":1600,"url":"https:\/\/portalraizesnoticias.com.br\/wp-content\/uploads\/2025\/10\/IMG-20251024-WA0411.jpg","type":"image\/jpeg"}],"author":"Portal Raizes","twitter_card":"summary_large_image","twitter_misc":{"Escrito por":"Portal Raizes","Est. tempo de leitura":"2 minutos"},"schema":{"@context":"https:\/\/schema.org","@graph":[{"@type":"Article","@id":"https:\/\/portalraizesnoticias.com.br\/?p=10126#article","isPartOf":{"@id":"https:\/\/portalraizesnoticias.com.br\/?p=10126"},"author":{"name":"Portal Raizes","@id":"https:\/\/portalraizesnoticias.com.br\/#\/schema\/person\/a3ca6b0fc701e78df19756c417d943ae"},"headline":"Homem invade casa do irm\u00e3o, ataca com faca e tamb\u00e9m \u00e9 ferido pelo familiar com fac\u00e3o em Araci","datePublished":"2025-12-28T06:10:56+00:00","dateModified":"2025-12-28T06:10:57+00:00","mainEntityOfPage":{"@id":"https:\/\/portalraizesnoticias.com.br\/?p=10126"},"wordCount":275,"commentCount":0,"publisher":{"@id":"https:\/\/portalraizesnoticias.com.br\/#organization"},"image":{"@id":"https:\/\/portalraizesnoticias.com.br\/?p=10126#primaryimage"},"thumbnailUrl":"https:\/\/portalraizesnoticias.com.br\/wp-content\/uploads\/2025\/10\/IMG-20251024-WA0411.jpg","articleSection":["DESTAQUES","POLICIA","ULTIMAS NOTICIAS"],"inLanguage":"pt-BR","potentialAction":[{"@type":"CommentAction","name":"Comment","target":["https:\/\/portalraizesnoticias.com.br\/?p=10126#respond"]}]},{"@type":"WebPage","@id":"https:\/\/portalraizesnoticias.com.br\/?p=10126","url":"https:\/\/portalraizesnoticias.com.br\/?p=10126","name":"Homem invade casa do irm\u00e3o, ataca com faca e tamb\u00e9m \u00e9 ferido pelo familiar com fac\u00e3o em Araci - Portal raizes noticias","isPartOf":{"@id":"https:\/\/portalraizesnoticias.com.br\/#website"},"primaryImageOfPage":{"@id":"https:\/\/portalraizesnoticias.com.br\/?p=10126#primaryimage"},"image":{"@id":"https:\/\/portalraizesnoticias.com.br\/?p=10126#primaryimage"},"thumbnailUrl":"https:\/\/portalraizesnoticias.com.br\/wp-content\/uploads\/2025\/10\/IMG-20251024-WA0411.jpg","datePublished":"2025-12-28T06:10:56+00:00","dateModified":"2025-12-28T06:10:57+00:00","breadcrumb":{"@id":"https:\/\/portalraizesnoticias.com.br\/?p=10126#breadcrumb"},"inLanguage":"pt-BR","potentialAction":[{"@type":"ReadAction","target":["https:\/\/portalraizesnoticias.com.br\/?p=10126"]}]},{"@type":"ImageObject","inLanguage":"pt-BR","@id":"https:\/\/portalraizesnoticias.com.br\/?p=10126#primaryimage","url":"https:\/\/portalraizesnoticias.com.br\/wp-content\/uploads\/2025\/10\/IMG-20251024-WA0411.jpg","contentUrl":"https:\/\/portalraizesnoticias.com.br\/wp-content\/uploads\/2025\/10\/IMG-20251024-WA0411.jpg","width":1600,"height":1600},{"@type":"BreadcrumbList","@id":"https:\/\/portalraizesnoticias.com.br\/?p=10126#breadcrumb","itemListElement":[{"@type":"ListItem","position":1,"name":"In\u00edcio","item":"https:\/\/portalraizesnoticias.com.br\/"},{"@type":"ListItem","position":2,"name":"Homem invade casa do irm\u00e3o, ataca com faca e tamb\u00e9m \u00e9 ferido pelo familiar com fac\u00e3o em Araci"}]},{"@type":"WebSite","@id":"https:\/\/portalraizesnoticias.com.br\/#website","url":"https:\/\/portalraizesnoticias.com.br\/","name":"Portal raizes NOTICIAS","description":"site de noticias de concei\u00e7\u00e3o do coit\u00e9 e regi\u00e3o","publisher":{"@id":"https:\/\/portalraizesnoticias.com.br\/#organization"},"alternateName":"PORTAL RAIZES COIT\u00c9","potentialAction":[{"@type":"SearchAction","target":{"@type":"EntryPoint","urlTemplate":"https:\/\/portalraizesnoticias.com.br\/?s={search_term_string}"},"query-input":{"@type":"PropertyValueSpecification","valueRequired":true,"valueName":"search_term_string"}}],"inLanguage":"pt-BR"},{"@type":"Organization","@id":"https:\/\/portalraizesnoticias.com.br\/#organization","name":"Portal raizes NOTICIAS","url":"https:\/\/portalraizesnoticias.com.br\/","logo":{"@type":"ImageObject","inLanguage":"pt-BR","@id":"https:\/\/portalraizesnoticias.com.br\/#\/schema\/logo\/image\/","url":"https:\/\/portalraizesnoticias.com.br\/wp-content\/uploads\/2024\/09\/cropped-Captura-de-tela-2024-09-08-011108.png","contentUrl":"https:\/\/portalraizesnoticias.com.br\/wp-content\/uploads\/2024\/09\/cropped-Captura-de-tela-2024-09-08-011108.png","width":606,"height":173,"caption":"Portal raizes NOTICIAS"},"image":{"@id":"https:\/\/portalraizesnoticias.com.br\/#\/schema\/logo\/image\/"}},{"@type":"Person","@id":"https:\/\/portalraizesnoticias.com.br\/#\/schema\/person\/a3ca6b0fc701e78df19756c417d943ae","name":"Portal Raizes","image":{"@type":"ImageObject","inLanguage":"pt-BR","@id":"https:\/\/portalraizesnoticias.com.br\/#\/schema\/person\/image\/","url":"https:\/\/secure.gravatar.com\/avatar\/ef450d29013a3d3fba867a12a249d7b1?s=96&d=mm&r=g","contentUrl":"https:\/\/secure.gravatar.com\/avatar\/ef450d29013a3d3fba867a12a249d7b1?s=96&d=mm&r=g","caption":"Portal Raizes"},"url":"https:\/\/portalraizesnoticias.com.br\/?author=3"}]}},"_links":{"self":[{"href":"https:\/\/portalraizesnoticias.com.br\/index.php?rest_route=\/wp\/v2\/posts\/10126"}],"collection":[{"href":"https:\/\/portalraizesnoticias.com.br\/index.php?rest_route=\/wp\/v2\/posts"}],"about":[{"href":"https:\/\/portalraizesnoticias.com.br\/index.php?rest_route=\/wp\/v2\/types\/post"}],"author":[{"embeddable":true,"href":"https:\/\/portalraizesnoticias.com.br\/index.php?rest_route=\/wp\/v2\/users\/3"}],"replies":[{"embeddable":true,"href":"https:\/\/portalraizesnoticias.com.br\/index.php?rest_route=%2Fwp%2Fv2%2Fcomments&post=10126"}],"version-history":[{"count":2,"href":"https:\/\/portalraizesnoticias.com.br\/index.php?rest_route=\/wp\/v2\/posts\/10126\/revisions"}],"predecessor-version":[{"id":10128,"href":"https:\/\/portalraizesnoticias.com.br\/index.php?rest_route=\/wp\/v2\/posts\/10126\/revisions\/10128"}],"wp:featuredmedia":[{"embeddable":true,"href":"https:\/\/portalraizesnoticias.com.br\/index.php?rest_route=\/wp\/v2\/media\/8988"}],"wp:attachment":[{"href":"https:\/\/portalraizesnoticias.com.br\/index.php?rest_route=%2Fwp%2Fv2%2Fmedia&parent=10126"}],"wp:term":[{"taxonomy":"category","embeddable":true,"href":"https:\/\/portalraizesnoticias.com.br\/index.php?rest_route=%2Fwp%2Fv2%2Fcategories&post=10126"},{"taxonomy":"post_tag","embeddable":true,"href":"https:\/\/portalraizesnoticias.com.br\/index.php?rest_route=%2Fwp%2Fv2%2Ftags&post=10126"}],"curies":[{"name":"wp","href":"https:\/\/api.w.org\/{rel}","templated":true}]}}