{"id":10120,"date":"2025-12-27T23:53:33","date_gmt":"2025-12-28T02:53:33","guid":{"rendered":"https:\/\/portalraizesnoticias.com.br\/?p=10120"},"modified":"2025-12-28T19:54:42","modified_gmt":"2025-12-28T22:54:42","slug":"colisao-entre-motocicletas-deixa-menina-de-11-anos-e-dois-adultos-feridos-no-centro-de-conceicao-do-coite","status":"publish","type":"post","link":"https:\/\/portalraizesnoticias.com.br\/?p=10120","title":{"rendered":"Colis\u00e3o entre motocicletas deixa menina de 11 anos e dois adultos feridos no centro de Concei\u00e7\u00e3o do Coit\u00e9"},"content":{"rendered":"<p>Uma colis\u00e3o entre duas motocicletas deixou tr\u00eas pessoas feridas na noite deste s\u00e1bado, 27,\u00a0 nas proximidades dos postos de combust\u00edveis, na regi\u00e3o central de Concei\u00e7\u00e3o do Coit\u00e9.<\/p>\n<p><img fetchpriority=\"high\" decoding=\"async\" class=\"size-medium wp-image-8199 aligncenter\" src=\"https:\/\/portalraizesnoticias.com.br\/wp-content\/uploads\/2025\/09\/IMG-20250912-WA0857-300x300.jpg\" alt=\"\" width=\"300\" height=\"300\" srcset=\"https:\/\/portalraizesnoticias.com.br\/wp-content\/uploads\/2025\/09\/IMG-20250912-WA0857-300x300.jpg 300w, https:\/\/portalraizesnoticias.com.br\/wp-content\/uploads\/2025\/09\/IMG-20250912-WA0857-150x150.jpg 150w, https:\/\/portalraizesnoticias.com.br\/wp-content\/uploads\/2025\/09\/IMG-20250912-WA0857.jpg 640w\" sizes=\"(max-width: 300px) 100vw, 300px\" \/><\/p>\n<p style=\"text-align: center;\"><strong>PUBLICIDADE<\/strong><\/p>\n<p>De acordo com o coordenador do \u00c1guia Resgate, Gildo Carneiro, uma das v\u00edtimas \u00e9 uma menina de 11 anos.<\/p>\n<p><img decoding=\"async\" class=\"size-medium wp-image-8006 aligncenter\" src=\"https:\/\/portalraizesnoticias.com.br\/wp-content\/uploads\/2025\/09\/IMG-20250902-WA0020-300x296.jpg\" alt=\"\" width=\"300\" height=\"296\" srcset=\"https:\/\/portalraizesnoticias.com.br\/wp-content\/uploads\/2025\/09\/IMG-20250902-WA0020-300x296.jpg 300w, https:\/\/portalraizesnoticias.com.br\/wp-content\/uploads\/2025\/09\/IMG-20250902-WA0020-1024x1009.jpg 1024w, https:\/\/portalraizesnoticias.com.br\/wp-content\/uploads\/2025\/09\/IMG-20250902-WA0020-768x757.jpg 768w, https:\/\/portalraizesnoticias.com.br\/wp-content\/uploads\/2025\/09\/IMG-20250902-WA0020.jpg 1080w\" sizes=\"(max-width: 300px) 100vw, 300px\" \/><\/p>\n<p style=\"text-align: center;\"><strong>PUBLICIDADE<\/strong><\/p>\n<p>Ela foi encontrada ca\u00edda ao solo, consciente e orientada, apresentando pequenas escoria\u00e7\u00f5es pelo corpo e suspeita de fratura na clav\u00edcula.<\/p>\n<p><img decoding=\"async\" class=\"size-medium wp-image-7771 aligncenter\" src=\"https:\/\/portalraizesnoticias.com.br\/wp-content\/uploads\/2025\/08\/IMG-20250814-WA05541-300x289.jpg\" alt=\"\" width=\"300\" height=\"289\" srcset=\"https:\/\/portalraizesnoticias.com.br\/wp-content\/uploads\/2025\/08\/IMG-20250814-WA05541-300x289.jpg 300w, https:\/\/portalraizesnoticias.com.br\/wp-content\/uploads\/2025\/08\/IMG-20250814-WA05541-1024x988.jpg 1024w, https:\/\/portalraizesnoticias.com.br\/wp-content\/uploads\/2025\/08\/IMG-20250814-WA05541-768x741.jpg 768w, https:\/\/portalraizesnoticias.com.br\/wp-content\/uploads\/2025\/08\/IMG-20250814-WA05541.jpg 1180w\" sizes=\"(max-width: 300px) 100vw, 300px\" \/><\/p>\n<p style=\"text-align: center;\"><strong>PUBLICIDADE<\/strong><\/p>\n<p>A crian\u00e7a recebeu atendimento no local e foi socorrida para a Unidade Materno Infantil (UMI) do munic\u00edpio.<\/p>\n<p>A m\u00e3e da garota, identificada pelas iniciais F. H., com idade n\u00e3o informada, tamb\u00e9m ficou ferida e foi encaminhada ao Hospital Portugu\u00eas de Concei\u00e7\u00e3o do Coit\u00e9, apresentando ferimentos.<\/p>\n<p>O condutor da outra motocicleta, identificado como M. R., de 26 anos, sofreu escoria\u00e7\u00f5es,\u00a0 queixava-se de dores na regi\u00e3o\u00a0 cervical e foi socorrido para uma unidade hospitalar.<\/p>\n<p>At\u00e9 o momento, n\u00e3o h\u00e1 informa\u00e7\u00f5es oficiais sobre as circunst\u00e2ncias do acidente.<\/p>\n<p>Reda\u00e7\u00e3o com informa\u00e7\u00f5es do \u00c1guia Resgate<\/p>\n","protected":false},"excerpt":{"rendered":"<p>Uma colis\u00e3o entre duas motocicletas deixou tr\u00eas pessoas feridas na noite deste s\u00e1bado, 27,\u00a0 nas proximidades dos postos de combust\u00edveis, na regi\u00e3o central de Concei\u00e7\u00e3o do Coit\u00e9. PUBLICIDADE De acordo com o coordenador do \u00c1guia Resgate, Gildo Carneiro, uma das v\u00edtimas \u00e9 uma menina de 11 anos. PUBLICIDADE Ela foi encontrada ca\u00edda ao solo, consciente e orientada, apresentando pequenas escoria\u00e7\u00f5es pelo corpo e suspeita de fratura na clav\u00edcula. PUBLICIDADE A crian\u00e7a recebeu atendimento no local e foi socorrida para a Unidade Materno Infantil (UMI) do munic\u00edpio. A m\u00e3e da garota, identificada pelas iniciais F. H., com idade n\u00e3o informada, tamb\u00e9m ficou ferida e foi encaminhada ao Hospital Portugu\u00eas de Concei\u00e7\u00e3o do Coit\u00e9, apresentando ferimentos. O condutor da outra motocicleta, identificado como M. R., de 26 anos, sofreu escoria\u00e7\u00f5es,\u00a0 queixava-se de dores na regi\u00e3o\u00a0 cervical e foi socorrido para uma unidade hospitalar. At\u00e9 o momento, n\u00e3o h\u00e1 informa\u00e7\u00f5es oficiais sobre as circunst\u00e2ncias do acidente. Reda\u00e7\u00e3o com informa\u00e7\u00f5es do \u00c1guia Resgate<\/p>\n","protected":false},"author":3,"featured_media":10121,"comment_status":"open","ping_status":"open","sticky":false,"template":"","format":"standard","meta":{"_joinchat":[],"footnotes":""},"categories":[58,55,59],"tags":[],"class_list":["post-10120","post","type-post","status-publish","format-standard","has-post-thumbnail","hentry","category-acidentes","category-destaques","category-ultimas-noticias"],"yoast_head":"<!-- This site is optimized with the Yoast SEO plugin v24.4 - https:\/\/yoast.com\/wordpress\/plugins\/seo\/ -->\n<title>Colis\u00e3o entre motocicletas deixa menina de 11 anos e dois adultos feridos no centro de Concei\u00e7\u00e3o do Coit\u00e9 - Portal raizes noticias<\/title>\n<meta name=\"robots\" content=\"index, follow, max-snippet:-1, max-image-preview:large, max-video-preview:-1\" \/>\n<link rel=\"canonical\" href=\"https:\/\/portalraizesnoticias.com.br\/?p=10120\" \/>\n<meta property=\"og:locale\" content=\"pt_BR\" \/>\n<meta property=\"og:type\" content=\"article\" \/>\n<meta property=\"og:title\" content=\"Colis\u00e3o entre motocicletas deixa menina de 11 anos e dois adultos feridos no centro de Concei\u00e7\u00e3o do Coit\u00e9 - Portal raizes noticias\" \/>\n<meta property=\"og:description\" content=\"Uma colis\u00e3o entre duas motocicletas deixou tr\u00eas pessoas feridas na noite deste s\u00e1bado, 27,\u00a0 nas proximidades dos postos de combust\u00edveis, na regi\u00e3o central de Concei\u00e7\u00e3o do Coit\u00e9. PUBLICIDADE De acordo com o coordenador do \u00c1guia Resgate, Gildo Carneiro, uma das v\u00edtimas \u00e9 uma menina de 11 anos. PUBLICIDADE Ela foi encontrada ca\u00edda ao solo, consciente e orientada, apresentando pequenas escoria\u00e7\u00f5es pelo corpo e suspeita de fratura na clav\u00edcula. PUBLICIDADE A crian\u00e7a recebeu atendimento no local e foi socorrida para a Unidade Materno Infantil (UMI) do munic\u00edpio. A m\u00e3e da garota, identificada pelas iniciais F. H., com idade n\u00e3o informada, tamb\u00e9m ficou ferida e foi encaminhada ao Hospital Portugu\u00eas de Concei\u00e7\u00e3o do Coit\u00e9, apresentando ferimentos. O condutor da outra motocicleta, identificado como M. R., de 26 anos, sofreu escoria\u00e7\u00f5es,\u00a0 queixava-se de dores na regi\u00e3o\u00a0 cervical e foi socorrido para uma unidade hospitalar. At\u00e9 o momento, n\u00e3o h\u00e1 informa\u00e7\u00f5es oficiais sobre as circunst\u00e2ncias do acidente. Reda\u00e7\u00e3o com informa\u00e7\u00f5es do \u00c1guia Resgate\" \/>\n<meta property=\"og:url\" content=\"https:\/\/portalraizesnoticias.com.br\/?p=10120\" \/>\n<meta property=\"og:site_name\" content=\"Portal raizes noticias\" \/>\n<meta property=\"article:published_time\" content=\"2025-12-28T02:53:33+00:00\" \/>\n<meta property=\"article:modified_time\" content=\"2025-12-28T22:54:42+00:00\" \/>\n<meta property=\"og:image\" content=\"https:\/\/portalraizesnoticias.com.br\/wp-content\/uploads\/2025\/12\/IMG-20251227-WA0329.jpg\" \/>\n\t<meta property=\"og:image:width\" content=\"1600\" \/>\n\t<meta property=\"og:image:height\" content=\"1200\" \/>\n\t<meta property=\"og:image:type\" content=\"image\/jpeg\" \/>\n<meta name=\"author\" content=\"Portal Raizes\" \/>\n<meta name=\"twitter:card\" content=\"summary_large_image\" \/>\n<meta name=\"twitter:label1\" content=\"Escrito por\" \/>\n\t<meta name=\"twitter:data1\" content=\"Portal Raizes\" \/>\n\t<meta name=\"twitter:label2\" content=\"Est. tempo de leitura\" \/>\n\t<meta name=\"twitter:data2\" content=\"2 minutos\" \/>\n<script type=\"application\/ld+json\" class=\"yoast-schema-graph\">{\"@context\":\"https:\/\/schema.org\",\"@graph\":[{\"@type\":\"Article\",\"@id\":\"https:\/\/portalraizesnoticias.com.br\/?p=10120#article\",\"isPartOf\":{\"@id\":\"https:\/\/portalraizesnoticias.com.br\/?p=10120\"},\"author\":{\"name\":\"Portal Raizes\",\"@id\":\"https:\/\/portalraizesnoticias.com.br\/#\/schema\/person\/a3ca6b0fc701e78df19756c417d943ae\"},\"headline\":\"Colis\u00e3o entre motocicletas deixa menina de 11 anos e dois adultos feridos no centro de Concei\u00e7\u00e3o do Coit\u00e9\",\"datePublished\":\"2025-12-28T02:53:33+00:00\",\"dateModified\":\"2025-12-28T22:54:42+00:00\",\"mainEntityOfPage\":{\"@id\":\"https:\/\/portalraizesnoticias.com.br\/?p=10120\"},\"wordCount\":198,\"commentCount\":0,\"publisher\":{\"@id\":\"https:\/\/portalraizesnoticias.com.br\/#organization\"},\"image\":{\"@id\":\"https:\/\/portalraizesnoticias.com.br\/?p=10120#primaryimage\"},\"thumbnailUrl\":\"https:\/\/portalraizesnoticias.com.br\/wp-content\/uploads\/2025\/12\/IMG-20251227-WA0329.jpg\",\"articleSection\":[\"ACIDENTES\",\"DESTAQUES\",\"ULTIMAS NOTICIAS\"],\"inLanguage\":\"pt-BR\",\"potentialAction\":[{\"@type\":\"CommentAction\",\"name\":\"Comment\",\"target\":[\"https:\/\/portalraizesnoticias.com.br\/?p=10120#respond\"]}]},{\"@type\":\"WebPage\",\"@id\":\"https:\/\/portalraizesnoticias.com.br\/?p=10120\",\"url\":\"https:\/\/portalraizesnoticias.com.br\/?p=10120\",\"name\":\"Colis\u00e3o entre motocicletas deixa menina de 11 anos e dois adultos feridos no centro de Concei\u00e7\u00e3o do Coit\u00e9 - Portal raizes noticias\",\"isPartOf\":{\"@id\":\"https:\/\/portalraizesnoticias.com.br\/#website\"},\"primaryImageOfPage\":{\"@id\":\"https:\/\/portalraizesnoticias.com.br\/?p=10120#primaryimage\"},\"image\":{\"@id\":\"https:\/\/portalraizesnoticias.com.br\/?p=10120#primaryimage\"},\"thumbnailUrl\":\"https:\/\/portalraizesnoticias.com.br\/wp-content\/uploads\/2025\/12\/IMG-20251227-WA0329.jpg\",\"datePublished\":\"2025-12-28T02:53:33+00:00\",\"dateModified\":\"2025-12-28T22:54:42+00:00\",\"breadcrumb\":{\"@id\":\"https:\/\/portalraizesnoticias.com.br\/?p=10120#breadcrumb\"},\"inLanguage\":\"pt-BR\",\"potentialAction\":[{\"@type\":\"ReadAction\",\"target\":[\"https:\/\/portalraizesnoticias.com.br\/?p=10120\"]}]},{\"@type\":\"ImageObject\",\"inLanguage\":\"pt-BR\",\"@id\":\"https:\/\/portalraizesnoticias.com.br\/?p=10120#primaryimage\",\"url\":\"https:\/\/portalraizesnoticias.com.br\/wp-content\/uploads\/2025\/12\/IMG-20251227-WA0329.jpg\",\"contentUrl\":\"https:\/\/portalraizesnoticias.com.br\/wp-content\/uploads\/2025\/12\/IMG-20251227-WA0329.jpg\",\"width\":1600,\"height\":1200},{\"@type\":\"BreadcrumbList\",\"@id\":\"https:\/\/portalraizesnoticias.com.br\/?p=10120#breadcrumb\",\"itemListElement\":[{\"@type\":\"ListItem\",\"position\":1,\"name\":\"In\u00edcio\",\"item\":\"https:\/\/portalraizesnoticias.com.br\/\"},{\"@type\":\"ListItem\",\"position\":2,\"name\":\"Colis\u00e3o entre motocicletas deixa menina de 11 anos e dois adultos feridos no centro de Concei\u00e7\u00e3o do Coit\u00e9\"}]},{\"@type\":\"WebSite\",\"@id\":\"https:\/\/portalraizesnoticias.com.br\/#website\",\"url\":\"https:\/\/portalraizesnoticias.com.br\/\",\"name\":\"Portal raizes NOTICIAS\",\"description\":\"site de noticias de concei\u00e7\u00e3o do coit\u00e9 e regi\u00e3o\",\"publisher\":{\"@id\":\"https:\/\/portalraizesnoticias.com.br\/#organization\"},\"alternateName\":\"PORTAL RAIZES COIT\u00c9\",\"potentialAction\":[{\"@type\":\"SearchAction\",\"target\":{\"@type\":\"EntryPoint\",\"urlTemplate\":\"https:\/\/portalraizesnoticias.com.br\/?s={search_term_string}\"},\"query-input\":{\"@type\":\"PropertyValueSpecification\",\"valueRequired\":true,\"valueName\":\"search_term_string\"}}],\"inLanguage\":\"pt-BR\"},{\"@type\":\"Organization\",\"@id\":\"https:\/\/portalraizesnoticias.com.br\/#organization\",\"name\":\"Portal raizes NOTICIAS\",\"url\":\"https:\/\/portalraizesnoticias.com.br\/\",\"logo\":{\"@type\":\"ImageObject\",\"inLanguage\":\"pt-BR\",\"@id\":\"https:\/\/portalraizesnoticias.com.br\/#\/schema\/logo\/image\/\",\"url\":\"https:\/\/portalraizesnoticias.com.br\/wp-content\/uploads\/2024\/09\/cropped-Captura-de-tela-2024-09-08-011108.png\",\"contentUrl\":\"https:\/\/portalraizesnoticias.com.br\/wp-content\/uploads\/2024\/09\/cropped-Captura-de-tela-2024-09-08-011108.png\",\"width\":606,\"height\":173,\"caption\":\"Portal raizes NOTICIAS\"},\"image\":{\"@id\":\"https:\/\/portalraizesnoticias.com.br\/#\/schema\/logo\/image\/\"}},{\"@type\":\"Person\",\"@id\":\"https:\/\/portalraizesnoticias.com.br\/#\/schema\/person\/a3ca6b0fc701e78df19756c417d943ae\",\"name\":\"Portal Raizes\",\"image\":{\"@type\":\"ImageObject\",\"inLanguage\":\"pt-BR\",\"@id\":\"https:\/\/portalraizesnoticias.com.br\/#\/schema\/person\/image\/\",\"url\":\"https:\/\/secure.gravatar.com\/avatar\/ef450d29013a3d3fba867a12a249d7b1?s=96&d=mm&r=g\",\"contentUrl\":\"https:\/\/secure.gravatar.com\/avatar\/ef450d29013a3d3fba867a12a249d7b1?s=96&d=mm&r=g\",\"caption\":\"Portal Raizes\"},\"url\":\"https:\/\/portalraizesnoticias.com.br\/?author=3\"}]}<\/script>\n<!-- \/ Yoast SEO plugin. -->","yoast_head_json":{"title":"Colis\u00e3o entre motocicletas deixa menina de 11 anos e dois adultos feridos no centro de Concei\u00e7\u00e3o do Coit\u00e9 - Portal raizes noticias","robots":{"index":"index","follow":"follow","max-snippet":"max-snippet:-1","max-image-preview":"max-image-preview:large","max-video-preview":"max-video-preview:-1"},"canonical":"https:\/\/portalraizesnoticias.com.br\/?p=10120","og_locale":"pt_BR","og_type":"article","og_title":"Colis\u00e3o entre motocicletas deixa menina de 11 anos e dois adultos feridos no centro de Concei\u00e7\u00e3o do Coit\u00e9 - Portal raizes noticias","og_description":"Uma colis\u00e3o entre duas motocicletas deixou tr\u00eas pessoas feridas na noite deste s\u00e1bado, 27,\u00a0 nas proximidades dos postos de combust\u00edveis, na regi\u00e3o central de Concei\u00e7\u00e3o do Coit\u00e9. PUBLICIDADE De acordo com o coordenador do \u00c1guia Resgate, Gildo Carneiro, uma das v\u00edtimas \u00e9 uma menina de 11 anos. PUBLICIDADE Ela foi encontrada ca\u00edda ao solo, consciente e orientada, apresentando pequenas escoria\u00e7\u00f5es pelo corpo e suspeita de fratura na clav\u00edcula. PUBLICIDADE A crian\u00e7a recebeu atendimento no local e foi socorrida para a Unidade Materno Infantil (UMI) do munic\u00edpio. A m\u00e3e da garota, identificada pelas iniciais F. H., com idade n\u00e3o informada, tamb\u00e9m ficou ferida e foi encaminhada ao Hospital Portugu\u00eas de Concei\u00e7\u00e3o do Coit\u00e9, apresentando ferimentos. O condutor da outra motocicleta, identificado como M. R., de 26 anos, sofreu escoria\u00e7\u00f5es,\u00a0 queixava-se de dores na regi\u00e3o\u00a0 cervical e foi socorrido para uma unidade hospitalar. At\u00e9 o momento, n\u00e3o h\u00e1 informa\u00e7\u00f5es oficiais sobre as circunst\u00e2ncias do acidente. Reda\u00e7\u00e3o com informa\u00e7\u00f5es do \u00c1guia Resgate","og_url":"https:\/\/portalraizesnoticias.com.br\/?p=10120","og_site_name":"Portal raizes noticias","article_published_time":"2025-12-28T02:53:33+00:00","article_modified_time":"2025-12-28T22:54:42+00:00","og_image":[{"width":1600,"height":1200,"url":"https:\/\/portalraizesnoticias.com.br\/wp-content\/uploads\/2025\/12\/IMG-20251227-WA0329.jpg","type":"image\/jpeg"}],"author":"Portal Raizes","twitter_card":"summary_large_image","twitter_misc":{"Escrito por":"Portal Raizes","Est. tempo de leitura":"2 minutos"},"schema":{"@context":"https:\/\/schema.org","@graph":[{"@type":"Article","@id":"https:\/\/portalraizesnoticias.com.br\/?p=10120#article","isPartOf":{"@id":"https:\/\/portalraizesnoticias.com.br\/?p=10120"},"author":{"name":"Portal Raizes","@id":"https:\/\/portalraizesnoticias.com.br\/#\/schema\/person\/a3ca6b0fc701e78df19756c417d943ae"},"headline":"Colis\u00e3o entre motocicletas deixa menina de 11 anos e dois adultos feridos no centro de Concei\u00e7\u00e3o do Coit\u00e9","datePublished":"2025-12-28T02:53:33+00:00","dateModified":"2025-12-28T22:54:42+00:00","mainEntityOfPage":{"@id":"https:\/\/portalraizesnoticias.com.br\/?p=10120"},"wordCount":198,"commentCount":0,"publisher":{"@id":"https:\/\/portalraizesnoticias.com.br\/#organization"},"image":{"@id":"https:\/\/portalraizesnoticias.com.br\/?p=10120#primaryimage"},"thumbnailUrl":"https:\/\/portalraizesnoticias.com.br\/wp-content\/uploads\/2025\/12\/IMG-20251227-WA0329.jpg","articleSection":["ACIDENTES","DESTAQUES","ULTIMAS NOTICIAS"],"inLanguage":"pt-BR","potentialAction":[{"@type":"CommentAction","name":"Comment","target":["https:\/\/portalraizesnoticias.com.br\/?p=10120#respond"]}]},{"@type":"WebPage","@id":"https:\/\/portalraizesnoticias.com.br\/?p=10120","url":"https:\/\/portalraizesnoticias.com.br\/?p=10120","name":"Colis\u00e3o entre motocicletas deixa menina de 11 anos e dois adultos feridos no centro de Concei\u00e7\u00e3o do Coit\u00e9 - Portal raizes noticias","isPartOf":{"@id":"https:\/\/portalraizesnoticias.com.br\/#website"},"primaryImageOfPage":{"@id":"https:\/\/portalraizesnoticias.com.br\/?p=10120#primaryimage"},"image":{"@id":"https:\/\/portalraizesnoticias.com.br\/?p=10120#primaryimage"},"thumbnailUrl":"https:\/\/portalraizesnoticias.com.br\/wp-content\/uploads\/2025\/12\/IMG-20251227-WA0329.jpg","datePublished":"2025-12-28T02:53:33+00:00","dateModified":"2025-12-28T22:54:42+00:00","breadcrumb":{"@id":"https:\/\/portalraizesnoticias.com.br\/?p=10120#breadcrumb"},"inLanguage":"pt-BR","potentialAction":[{"@type":"ReadAction","target":["https:\/\/portalraizesnoticias.com.br\/?p=10120"]}]},{"@type":"ImageObject","inLanguage":"pt-BR","@id":"https:\/\/portalraizesnoticias.com.br\/?p=10120#primaryimage","url":"https:\/\/portalraizesnoticias.com.br\/wp-content\/uploads\/2025\/12\/IMG-20251227-WA0329.jpg","contentUrl":"https:\/\/portalraizesnoticias.com.br\/wp-content\/uploads\/2025\/12\/IMG-20251227-WA0329.jpg","width":1600,"height":1200},{"@type":"BreadcrumbList","@id":"https:\/\/portalraizesnoticias.com.br\/?p=10120#breadcrumb","itemListElement":[{"@type":"ListItem","position":1,"name":"In\u00edcio","item":"https:\/\/portalraizesnoticias.com.br\/"},{"@type":"ListItem","position":2,"name":"Colis\u00e3o entre motocicletas deixa menina de 11 anos e dois adultos feridos no centro de Concei\u00e7\u00e3o do Coit\u00e9"}]},{"@type":"WebSite","@id":"https:\/\/portalraizesnoticias.com.br\/#website","url":"https:\/\/portalraizesnoticias.com.br\/","name":"Portal raizes NOTICIAS","description":"site de noticias de concei\u00e7\u00e3o do coit\u00e9 e regi\u00e3o","publisher":{"@id":"https:\/\/portalraizesnoticias.com.br\/#organization"},"alternateName":"PORTAL RAIZES COIT\u00c9","potentialAction":[{"@type":"SearchAction","target":{"@type":"EntryPoint","urlTemplate":"https:\/\/portalraizesnoticias.com.br\/?s={search_term_string}"},"query-input":{"@type":"PropertyValueSpecification","valueRequired":true,"valueName":"search_term_string"}}],"inLanguage":"pt-BR"},{"@type":"Organization","@id":"https:\/\/portalraizesnoticias.com.br\/#organization","name":"Portal raizes NOTICIAS","url":"https:\/\/portalraizesnoticias.com.br\/","logo":{"@type":"ImageObject","inLanguage":"pt-BR","@id":"https:\/\/portalraizesnoticias.com.br\/#\/schema\/logo\/image\/","url":"https:\/\/portalraizesnoticias.com.br\/wp-content\/uploads\/2024\/09\/cropped-Captura-de-tela-2024-09-08-011108.png","contentUrl":"https:\/\/portalraizesnoticias.com.br\/wp-content\/uploads\/2024\/09\/cropped-Captura-de-tela-2024-09-08-011108.png","width":606,"height":173,"caption":"Portal raizes NOTICIAS"},"image":{"@id":"https:\/\/portalraizesnoticias.com.br\/#\/schema\/logo\/image\/"}},{"@type":"Person","@id":"https:\/\/portalraizesnoticias.com.br\/#\/schema\/person\/a3ca6b0fc701e78df19756c417d943ae","name":"Portal Raizes","image":{"@type":"ImageObject","inLanguage":"pt-BR","@id":"https:\/\/portalraizesnoticias.com.br\/#\/schema\/person\/image\/","url":"https:\/\/secure.gravatar.com\/avatar\/ef450d29013a3d3fba867a12a249d7b1?s=96&d=mm&r=g","contentUrl":"https:\/\/secure.gravatar.com\/avatar\/ef450d29013a3d3fba867a12a249d7b1?s=96&d=mm&r=g","caption":"Portal Raizes"},"url":"https:\/\/portalraizesnoticias.com.br\/?author=3"}]}},"_links":{"self":[{"href":"https:\/\/portalraizesnoticias.com.br\/index.php?rest_route=\/wp\/v2\/posts\/10120"}],"collection":[{"href":"https:\/\/portalraizesnoticias.com.br\/index.php?rest_route=\/wp\/v2\/posts"}],"about":[{"href":"https:\/\/portalraizesnoticias.com.br\/index.php?rest_route=\/wp\/v2\/types\/post"}],"author":[{"embeddable":true,"href":"https:\/\/portalraizesnoticias.com.br\/index.php?rest_route=\/wp\/v2\/users\/3"}],"replies":[{"embeddable":true,"href":"https:\/\/portalraizesnoticias.com.br\/index.php?rest_route=%2Fwp%2Fv2%2Fcomments&post=10120"}],"version-history":[{"count":3,"href":"https:\/\/portalraizesnoticias.com.br\/index.php?rest_route=\/wp\/v2\/posts\/10120\/revisions"}],"predecessor-version":[{"id":10151,"href":"https:\/\/portalraizesnoticias.com.br\/index.php?rest_route=\/wp\/v2\/posts\/10120\/revisions\/10151"}],"wp:featuredmedia":[{"embeddable":true,"href":"https:\/\/portalraizesnoticias.com.br\/index.php?rest_route=\/wp\/v2\/media\/10121"}],"wp:attachment":[{"href":"https:\/\/portalraizesnoticias.com.br\/index.php?rest_route=%2Fwp%2Fv2%2Fmedia&parent=10120"}],"wp:term":[{"taxonomy":"category","embeddable":true,"href":"https:\/\/portalraizesnoticias.com.br\/index.php?rest_route=%2Fwp%2Fv2%2Fcategories&post=10120"},{"taxonomy":"post_tag","embeddable":true,"href":"https:\/\/portalraizesnoticias.com.br\/index.php?rest_route=%2Fwp%2Fv2%2Ftags&post=10120"}],"curies":[{"name":"wp","href":"https:\/\/api.w.org\/{rel}","templated":true}]}}